{"id":91394,"date":"2016-07-27T19:30:43","date_gmt":"2016-07-27T22:30:43","guid":{"rendered":"http:\/\/www.redenoticia.com.br\/noticia\/?p=91394"},"modified":"2016-07-27T16:19:08","modified_gmt":"2016-07-27T19:19:08","slug":"novela-haja-coracao-resumo-2707-pedro-e-preso-por-operacoes-ilicitas","status":"publish","type":"post","link":"https:\/\/migracao.redenoticia.com.br\/noticia\/2016\/novela-haja-coracao-resumo-2707-pedro-e-preso-por-operacoes-ilicitas\/91394","title":{"rendered":"Novela \u201cHaja Cora\u00e7\u00e3o\u201d resumo 28\/07: Pedro \u00e9 preso por opera\u00e7\u00f5es il\u00edcitas"},"content":{"rendered":"<p><img loading=\"lazy\" decoding=\"async\" class=\"alignleft size-thumbnail wp-image-87038\" src=\"https:\/\/migracao.redenoticia.com.br\/noticia\/imagens\/haja_coracao_novela_resumo_capitulo_globo-150x112.jpg\" alt=\"haja_coracao_novela_resumo_capitulo_globo\" width=\"150\" height=\"112\" srcset=\"https:\/\/migracao.redenoticia.com.br\/noticia\/imagens\/haja_coracao_novela_resumo_capitulo_globo-150x112.jpg 150w, https:\/\/migracao.redenoticia.com.br\/noticia\/imagens\/haja_coracao_novela_resumo_capitulo_globo-265x198.jpg 265w\" sizes=\"auto, (max-width: 150px) 100vw, 150px\" \/><strong><em>Novela \u201cHaja Cora\u00e7\u00e3o\u201d resumo 28\/07<\/em><\/strong>: em conversa com Apar\u00edcio, Camila tenta convenc\u00ea-lo de que deve confessar para Rebeca que \u00e9 milion\u00e1rio. Ent\u00e3o, Apar\u00edcio cria coragem, vai atr\u00e1s de Rebeca, implora para que n\u00e3o entre na igreja e declara seu amor por ela. Rebeca n\u00e3o acredita que Apar\u00edcio \u00e9 rico e n\u00e3o desiste de se casar com Pedro. S\u00f3 que surge um imprevisto e Pedro \u00e9 preso por opera\u00e7\u00f5es il\u00edcitas.<\/p>\n<p>No cap\u00edtulo 051(*), novela \u201cHaja Cora\u00e7\u00e3o\u201d, quinta-feira, 28 de julho \u2013 Rebeca n\u00e3o acredita que Apar\u00edcio \u00e9 rico e n\u00e3o desiste de se casar com Pedro. Bruna engana Camila dizendo \u00e0 fot\u00f3grafa que s\u00f3 quis proteg\u00ea-la de Giovanni. Felipe e Shirlei disfar\u00e7am a atra\u00e7\u00e3o que sentem um pelo outro.<\/p>\n<p>Edu fica transtornado ao saber que est\u00e1 com um tumor e tem pouco tempo de vida. Pedro \u00e9 preso por opera\u00e7\u00f5es il\u00edcitas e n\u00e3o chega a se casar com Rebeca. Adriana convida Apolo para morar em Miami, e ele pede um tempo para pensar. Ad\u00f4nis aposta dinheiro em um cassino clandestino.<\/p>\n<p>Leozinho promete a Agilson que convencer\u00e1 Fedora a lhe dar um cargo no Grand Bazzar caso ele o deixe em paz com a esposa. Ad\u00f4nis sana suas d\u00edvidas com Nair e inventa que deu aulas particulares. Adriana pergunta a Apolo se ele aceitar\u00e1 a proposta para trabalhar no Exterior.<\/p>\n<p>(*) edi\u00e7\u00e3o da Rede Globo, Novela \u201cHaja Cora\u00e7\u00e3o\u201d, sujeito a altera\u00e7\u00e3o de data e conte\u00fado.<\/p>\n","protected":false},"excerpt":{"rendered":"<p>Novela \u201cHaja Cora\u00e7\u00e3o\u201d resumo 28\/07: em conversa com Apar\u00edcio, Camila tenta convenc\u00ea-lo de que deve confessar para Rebeca que \u00e9 milion\u00e1rio. Ent\u00e3o, Apar\u00edcio cria coragem, vai atr\u00e1s de Rebeca, implora para que n\u00e3o entre na igreja e declara seu amor por ela. Rebeca n\u00e3o acredita que Apar\u00edcio \u00e9 rico e n\u00e3o desiste de se casar [&hellip;]<\/p>\n","protected":false},"author":4,"featured_media":87038,"comment_status":"open","ping_status":"closed","sticky":false,"template":"","format":"standard","meta":{"tdm_status":"","tdm_grid_status":"","footnotes":""},"categories":[379,375,343],"tags":[441],"class_list":{"0":"post-91394","1":"post","2":"type-post","3":"status-publish","4":"format-standard","5":"has-post-thumbnail","7":"category-novelas","8":"category-rede-globo","9":"category-televisao","10":"tag-resumo-do-dia"},"_links":{"self":[{"href":"https:\/\/migracao.redenoticia.com.br\/noticia\/wp-json\/wp\/v2\/posts\/91394","targetHints":{"allow":["GET"]}}],"collection":[{"href":"https:\/\/migracao.redenoticia.com.br\/noticia\/wp-json\/wp\/v2\/posts"}],"about":[{"href":"https:\/\/migracao.redenoticia.com.br\/noticia\/wp-json\/wp\/v2\/types\/post"}],"author":[{"embeddable":true,"href":"https:\/\/migracao.redenoticia.com.br\/noticia\/wp-json\/wp\/v2\/users\/4"}],"replies":[{"embeddable":true,"href":"https:\/\/migracao.redenoticia.com.br\/noticia\/wp-json\/wp\/v2\/comments?post=91394"}],"version-history":[{"count":0,"href":"https:\/\/migracao.redenoticia.com.br\/noticia\/wp-json\/wp\/v2\/posts\/91394\/revisions"}],"wp:featuredmedia":[{"embeddable":true,"href":"https:\/\/migracao.redenoticia.com.br\/noticia\/wp-json\/wp\/v2\/media\/87038"}],"wp:attachment":[{"href":"https:\/\/migracao.redenoticia.com.br\/noticia\/wp-json\/wp\/v2\/media?parent=91394"}],"wp:term":[{"taxonomy":"category","embeddable":true,"href":"https:\/\/migracao.redenoticia.com.br\/noticia\/wp-json\/wp\/v2\/categories?post=91394"},{"taxonomy":"post_tag","embeddable":true,"href":"https:\/\/migracao.redenoticia.com.br\/noticia\/wp-json\/wp\/v2\/tags?post=91394"}],"curies":[{"name":"wp","href":"https:\/\/api.w.org\/{rel}","templated":true}]}}