{"id":91447,"date":"2016-07-28T06:25:42","date_gmt":"2016-07-28T09:25:42","guid":{"rendered":"http:\/\/www.redenoticia.com.br\/noticia\/?p=91447"},"modified":"2016-07-27T21:26:38","modified_gmt":"2016-07-28T00:26:38","slug":"brasil-tem-1-749-casos-de-microcefalia-confirmados-diz-ministerio-da-saude","status":"publish","type":"post","link":"https:\/\/migracao.redenoticia.com.br\/noticia\/2016\/brasil-tem-1-749-casos-de-microcefalia-confirmados-diz-ministerio-da-saude\/91447","title":{"rendered":"Brasil tem 1.749 casos de microcefalia confirmados, diz Minist\u00e9rio da Sa\u00fade"},"content":{"rendered":"<p> Os casos confirmados de <strong><em>microcefalia<\/em><\/strong> aumentaram neste m\u00eas, revela boletim divulgado pelo Minist\u00e9rio da Sa\u00fade. Segundo o boletim, o n\u00famero de casos confirmados em todo o pa\u00eds subiu para 1.749. Os dados incluem as altera\u00e7\u00f5es no sistema nervoso sugestivas de infec\u00e7\u00e3o cong\u00eanita.<\/p>\n<p>Permanecem em investiga\u00e7\u00e3o 3.062 casos suspeitos, n\u00famero que permaneceu praticamente inalterado. At\u00e9 o m\u00eas de junho, 1.638 casos haviam sido confirmados, em 3.061 investigados.<\/p>\n<p>Desde o in\u00edcio das investiga\u00e7\u00f5es, em outubro do ano passado, 8.703 casos foram notificados ao Minist\u00e9rio da Sa\u00fade. De acordo com a pasta, destes, 3.892 foram descartados porque os exames tiveram resultado normal, ou por apresentarem microcefalia ou malforma\u00e7\u00f5es confirmadas por causa n\u00e3o infecciosas.<\/p>\n<p>Os casos confirmados em julho ocorreram em 609 munic\u00edpios, localizados em todas as unidades da federa\u00e7\u00e3o e no Distrito Federal.<\/p>\n<p>Segundo o Minist\u00e9rio da Sa\u00fade, no mesmo per\u00edodo, o Brasil registrou 371 mortes suspeitas de microcefalia ap\u00f3s o parto ou durante a gesta\u00e7\u00e3o, o que representa 4,3% do total de casos notificados. Destes, 106 foram confirmados para microcefalia, 200 continuam em investiga\u00e7\u00e3o e 65 foram descartados.<\/p>\n<p>Zika<\/p>\n<p>Transmitido pelo mosquito Aedes aegypti, o v\u00edrus Zika come\u00e7ou a circular no Brasil em 2014, mas teve os primeiros registros feitos pelo Minist\u00e9rio da Sa\u00fade em maio do ano passado. O v\u00edrus provoca sintomas semelhantes aos da dengue e da febre chikungunya, s\u00f3 que mais leves,. Em novembro de 2015, o Minist\u00e9rio da Sa\u00fade confirmou que, quando gestantes s\u00e3o infectadas pelo v\u00edrus, podem gerar crian\u00e7as com microcefalia, uma malforma\u00e7\u00e3o irrevers\u00edvel do c\u00e9rebro, que pode vir associada a danos mentais, visuais e auditivos. A S\u00edndrome de Guillain-Barr\u00e9 tamb\u00e9m pode ser ocasionada pelo Zika.<\/p>\n<p>A microcefalia pode ter como causa diversos agentes infecciosos, al\u00e9m do Zika, como s\u00edfilis, toxoplasmose, rub\u00e9ola, citomegalov\u00edrus e herpes viral.<\/p>\n<p>A principal recomenda\u00e7\u00e3o do minist\u00e9rio \u00e0s gestantes \u00e9 adotar medidas que possam reduzir a presen\u00e7a do Aedes aegypti, com a elimina\u00e7\u00e3o de criadouros, e proteger-se da exposi\u00e7\u00e3o ao mosquito, com a manuten\u00e7\u00e3o de portas e janelas fechadas ou com telas, vestir cal\u00e7as e camisas de manga comprida e usar os repelentes permitidos para mulheres gr\u00e1vidas.<\/p>\n<p>Heloisa Cristaldo \u2013 Rep\u00f3rter da Ag\u00eancia Brasil<br \/>\nEdi\u00e7\u00e3o: N\u00e1dia Franco<br \/>\n28\/07\/2016<\/p>\n","protected":false},"excerpt":{"rendered":"<p>Os casos confirmados de microcefalia aumentaram neste m\u00eas, revela boletim divulgado pelo Minist\u00e9rio da Sa\u00fade. Segundo o boletim, o n\u00famero de casos confirmados em todo o pa\u00eds subiu para 1.749. Os dados incluem as altera\u00e7\u00f5es no sistema nervoso sugestivas de infec\u00e7\u00e3o cong\u00eanita. Permanecem em investiga\u00e7\u00e3o 3.062 casos suspeitos, n\u00famero que permaneceu praticamente inalterado. At\u00e9 o [&hellip;]<\/p>\n","protected":false},"author":2,"featured_media":57579,"comment_status":"open","ping_status":"closed","sticky":false,"template":"","format":"standard","meta":{"tdm_status":"","tdm_grid_status":"","footnotes":""},"categories":[22,5],"tags":[],"class_list":{"0":"post-91447","1":"post","2":"type-post","3":"status-publish","4":"format-standard","5":"has-post-thumbnail","7":"category-brasil","8":"category-saude-e-vida"},"_links":{"self":[{"href":"https:\/\/migracao.redenoticia.com.br\/noticia\/wp-json\/wp\/v2\/posts\/91447","targetHints":{"allow":["GET"]}}],"collection":[{"href":"https:\/\/migracao.redenoticia.com.br\/noticia\/wp-json\/wp\/v2\/posts"}],"about":[{"href":"https:\/\/migracao.redenoticia.com.br\/noticia\/wp-json\/wp\/v2\/types\/post"}],"author":[{"embeddable":true,"href":"https:\/\/migracao.redenoticia.com.br\/noticia\/wp-json\/wp\/v2\/users\/2"}],"replies":[{"embeddable":true,"href":"https:\/\/migracao.redenoticia.com.br\/noticia\/wp-json\/wp\/v2\/comments?post=91447"}],"version-history":[{"count":0,"href":"https:\/\/migracao.redenoticia.com.br\/noticia\/wp-json\/wp\/v2\/posts\/91447\/revisions"}],"wp:featuredmedia":[{"embeddable":true,"href":"https:\/\/migracao.redenoticia.com.br\/noticia\/wp-json\/wp\/v2\/media\/57579"}],"wp:attachment":[{"href":"https:\/\/migracao.redenoticia.com.br\/noticia\/wp-json\/wp\/v2\/media?parent=91447"}],"wp:term":[{"taxonomy":"category","embeddable":true,"href":"https:\/\/migracao.redenoticia.com.br\/noticia\/wp-json\/wp\/v2\/categories?post=91447"},{"taxonomy":"post_tag","embeddable":true,"href":"https:\/\/migracao.redenoticia.com.br\/noticia\/wp-json\/wp\/v2\/tags?post=91447"}],"curies":[{"name":"wp","href":"https:\/\/api.w.org\/{rel}","templated":true}]}}