{"id":91461,"date":"2016-07-28T21:30:48","date_gmt":"2016-07-29T00:30:48","guid":{"rendered":"http:\/\/www.redenoticia.com.br\/noticia\/?p=91461"},"modified":"2016-07-28T17:11:05","modified_gmt":"2016-07-28T20:11:05","slug":"novela-liberdade-liberdade-resumo-2907-rubiao-coloca-a-esposa-sob-a-vigilancia-de-anita","status":"publish","type":"post","link":"https:\/\/migracao.redenoticia.com.br\/noticia\/2016\/novela-liberdade-liberdade-resumo-2907-rubiao-coloca-a-esposa-sob-a-vigilancia-de-anita\/91461","title":{"rendered":"Novela \u201cLiberdade, Liberdade\u201d resumo 29\/07: Joaquina revela que \u00e9 filha de Tiradentes"},"content":{"rendered":"<p><img loading=\"lazy\" decoding=\"async\" class=\"alignleft size-thumbnail wp-image-84052\" src=\"https:\/\/migracao.redenoticia.com.br\/noticia\/imagens\/novela_liberdade_globo_resumo-150x112.jpg\" alt=\"novela_liberdade_globo_resumo\" width=\"150\" height=\"112\" srcset=\"https:\/\/migracao.redenoticia.com.br\/noticia\/imagens\/novela_liberdade_globo_resumo-150x112.jpg 150w, https:\/\/migracao.redenoticia.com.br\/noticia\/imagens\/novela_liberdade_globo_resumo-265x198.jpg 265w\" sizes=\"auto, (max-width: 150px) 100vw, 150px\" \/><strong><em>Novela \u201cLiberdade, Liberdade\u201d resumo 29\/07:\u00a0<\/em><\/strong>Joaquina\/Rosa tenta libertar Xavier da cadeia, mas \u00e9 flagrada por Rubi\u00e3o, que a tranca em um quarto. Anita mexe no ba\u00fa da patroa e encontra o livro que era de Tiradentes e uma pistola. A governanta entrega os objetos nas m\u00e3os do patr\u00e3o. Ele l\u00ea a dedicat\u00f3ria e vai falar com a mulher. Ele a pressiona a contar porque o livro de Tiradentes estava no seu ba\u00fa.\u00a0Ela revela que \u00e9 filha de Tiradentes. Louco, ele n\u00e3o aceita as palavras e o afeto de Joaquina e a agride. Depois, ele queima o livro de Tiradentes. Rubi\u00e3o coloca a esposa sob a vigil\u00e2ncia de Anita. S\u00f3 que ele a humilha e ela se vinga do patr\u00e3o. Anita entrega a Joaquina\/Rosa o len\u00e7o ensanguentado de seu pai e mostra todo o ouro roubado de Raposo.<\/p>\n<p>No cap\u00edtulo 064 (*), novela \u201cLiberdade, Liberdade\u201d, sexta-feira, 29 de julho \u2013 Rubi\u00e3o prende Joaquina em casa. Anita entrega o livro de Tiradentes e a arma de Joaquina\/Rosa a Rubi\u00e3o.<\/p>\n<p>Rubi\u00e3o planeja executar Xavier. Joaquina\/Rosa revela a Rubi\u00e3o que \u00e9 filha de Tiradentes. Rubi\u00e3o amea\u00e7a a esposa. Rubi\u00e3o promove Tolentino. Rubi\u00e3o queima o livro de Tiradentes.<\/p>\n<p>Virg\u00ednia e M\u00e3o de Luva orientam Carmina, Mimi e Vidinha no plano para libertar Xavier. Matias n\u00e3o resiste e falece na pris\u00e3o. Rubi\u00e3o humilha Anita. Anita entrega o len\u00e7o de Raposo a Joaquina\/Rosa.<\/p>\n<p>(*) edi\u00e7\u00e3o da Rede Globo, Novela \u201cLiberdade, Liberdade\u201d, sujeito a altera\u00e7\u00e3o de data e conte\u00fado.<\/p>\n","protected":false},"excerpt":{"rendered":"<p>Novela \u201cLiberdade, Liberdade\u201d resumo 29\/07:\u00a0Joaquina\/Rosa tenta libertar Xavier da cadeia, mas \u00e9 flagrada por Rubi\u00e3o, que a tranca em um quarto. Anita mexe no ba\u00fa da patroa e encontra o livro que era de Tiradentes e uma pistola. A governanta entrega os objetos nas m\u00e3os do patr\u00e3o. Ele l\u00ea a dedicat\u00f3ria e vai falar com [&hellip;]<\/p>\n","protected":false},"author":4,"featured_media":84052,"comment_status":"open","ping_status":"closed","sticky":false,"template":"","format":"standard","meta":{"tdm_status":"","tdm_grid_status":"","footnotes":""},"categories":[379,375,343],"tags":[441],"class_list":{"0":"post-91461","1":"post","2":"type-post","3":"status-publish","4":"format-standard","5":"has-post-thumbnail","7":"category-novelas","8":"category-rede-globo","9":"category-televisao","10":"tag-resumo-do-dia"},"_links":{"self":[{"href":"https:\/\/migracao.redenoticia.com.br\/noticia\/wp-json\/wp\/v2\/posts\/91461","targetHints":{"allow":["GET"]}}],"collection":[{"href":"https:\/\/migracao.redenoticia.com.br\/noticia\/wp-json\/wp\/v2\/posts"}],"about":[{"href":"https:\/\/migracao.redenoticia.com.br\/noticia\/wp-json\/wp\/v2\/types\/post"}],"author":[{"embeddable":true,"href":"https:\/\/migracao.redenoticia.com.br\/noticia\/wp-json\/wp\/v2\/users\/4"}],"replies":[{"embeddable":true,"href":"https:\/\/migracao.redenoticia.com.br\/noticia\/wp-json\/wp\/v2\/comments?post=91461"}],"version-history":[{"count":0,"href":"https:\/\/migracao.redenoticia.com.br\/noticia\/wp-json\/wp\/v2\/posts\/91461\/revisions"}],"wp:featuredmedia":[{"embeddable":true,"href":"https:\/\/migracao.redenoticia.com.br\/noticia\/wp-json\/wp\/v2\/media\/84052"}],"wp:attachment":[{"href":"https:\/\/migracao.redenoticia.com.br\/noticia\/wp-json\/wp\/v2\/media?parent=91461"}],"wp:term":[{"taxonomy":"category","embeddable":true,"href":"https:\/\/migracao.redenoticia.com.br\/noticia\/wp-json\/wp\/v2\/categories?post=91461"},{"taxonomy":"post_tag","embeddable":true,"href":"https:\/\/migracao.redenoticia.com.br\/noticia\/wp-json\/wp\/v2\/tags?post=91461"}],"curies":[{"name":"wp","href":"https:\/\/api.w.org\/{rel}","templated":true}]}}