{"id":91465,"date":"2016-07-28T19:30:43","date_gmt":"2016-07-28T22:30:43","guid":{"rendered":"http:\/\/www.redenoticia.com.br\/noticia\/?p=91465"},"modified":"2016-07-28T17:05:51","modified_gmt":"2016-07-28T20:05:51","slug":"novela-haja-coracao-resumo-2907-tancinnha-declara-todo-o-seu-amor-para-apolo","status":"publish","type":"post","link":"https:\/\/migracao.redenoticia.com.br\/noticia\/2016\/novela-haja-coracao-resumo-2907-tancinnha-declara-todo-o-seu-amor-para-apolo\/91465","title":{"rendered":"Novela \u201cHaja Cora\u00e7\u00e3o\u201d resumo 29\/07: Tancinnha declara seu amor a Apolo"},"content":{"rendered":"<p><img loading=\"lazy\" decoding=\"async\" class=\"alignleft size-thumbnail wp-image-87038\" src=\"https:\/\/migracao.redenoticia.com.br\/noticia\/imagens\/haja_coracao_novela_resumo_capitulo_globo-150x112.jpg\" alt=\"haja_coracao_novela_resumo_capitulo_globo\" width=\"150\" height=\"112\" srcset=\"https:\/\/migracao.redenoticia.com.br\/noticia\/imagens\/haja_coracao_novela_resumo_capitulo_globo-150x112.jpg 150w, https:\/\/migracao.redenoticia.com.br\/noticia\/imagens\/haja_coracao_novela_resumo_capitulo_globo-265x198.jpg 265w\" sizes=\"auto, (max-width: 150px) 100vw, 150px\" \/><strong><em>Novela \u201cHaja Cora\u00e7\u00e3o\u201d resumo 29\/07<\/em><\/strong>:\u00a0Adriana prop\u00f5e a Apolo ser piloto em Miami. Mas, ele nem imagina que Beto est\u00e1 por tr\u00e1s desta proposta. Apolo pensa em dar melhores condi\u00e7\u00f5es de vida \u00e0 fam\u00edlia e diz a Adriana que aceita viajar para os Estados Unidos. Tancinha, ao saber que seu amado vai embora, procura o ex-noivo na Merc\u00fario.\u00a0Tancinnha declara todo o seu amor para Apolo, mas este a ignora.<\/p>\n<p>No cap\u00edtulo 052(*), novela \u201cHaja Cora\u00e7\u00e3o\u201d, sexta-feira, 29 de julho \u2013 Apolo diz a Adriana que aceita viajar para os Estados Unidos. Rodrigo defende Francesca das ofensas de Elias, que o agride.<\/p>\n<p>Rebeca surge no Grand Bazzar para esclarecer se Apar\u00edcio \u00e9 mesmo rico. Rodrigo desabafa com Francesca. Shirlei convence Francesca a dar aulas de dan\u00e7a de sal\u00e3o para Rodrigo melhorar seu estado de ansiedade. Apar\u00edcio diz a En\u00e9as que n\u00e3o quer que Rebeca fique com ele por causa de seu dinheiro.<\/p>\n<p>Apar\u00edcio afirma a Rebeca que n\u00e3o est\u00e1 envolvido com a pris\u00e3o de Pedro. Fedora perde seu perfil nas redes sociais e decide agir. Tancinha pergunta para Apolo se ele realmente viajar\u00e1 para fora do Brasil.<\/p>\n<p>(*) edi\u00e7\u00e3o da Rede Globo, Novela \u201cHaja Cora\u00e7\u00e3o\u201d, sujeito a altera\u00e7\u00e3o de data e conte\u00fado.<\/p>\n","protected":false},"excerpt":{"rendered":"<p>Novela \u201cHaja Cora\u00e7\u00e3o\u201d resumo 29\/07:\u00a0Adriana prop\u00f5e a Apolo ser piloto em Miami. Mas, ele nem imagina que Beto est\u00e1 por tr\u00e1s desta proposta. Apolo pensa em dar melhores condi\u00e7\u00f5es de vida \u00e0 fam\u00edlia e diz a Adriana que aceita viajar para os Estados Unidos. Tancinha, ao saber que seu amado vai embora, procura o ex-noivo [&hellip;]<\/p>\n","protected":false},"author":4,"featured_media":87038,"comment_status":"open","ping_status":"closed","sticky":false,"template":"","format":"standard","meta":{"tdm_status":"","tdm_grid_status":"","footnotes":""},"categories":[379,375,343],"tags":[441],"class_list":{"0":"post-91465","1":"post","2":"type-post","3":"status-publish","4":"format-standard","5":"has-post-thumbnail","7":"category-novelas","8":"category-rede-globo","9":"category-televisao","10":"tag-resumo-do-dia"},"_links":{"self":[{"href":"https:\/\/migracao.redenoticia.com.br\/noticia\/wp-json\/wp\/v2\/posts\/91465","targetHints":{"allow":["GET"]}}],"collection":[{"href":"https:\/\/migracao.redenoticia.com.br\/noticia\/wp-json\/wp\/v2\/posts"}],"about":[{"href":"https:\/\/migracao.redenoticia.com.br\/noticia\/wp-json\/wp\/v2\/types\/post"}],"author":[{"embeddable":true,"href":"https:\/\/migracao.redenoticia.com.br\/noticia\/wp-json\/wp\/v2\/users\/4"}],"replies":[{"embeddable":true,"href":"https:\/\/migracao.redenoticia.com.br\/noticia\/wp-json\/wp\/v2\/comments?post=91465"}],"version-history":[{"count":0,"href":"https:\/\/migracao.redenoticia.com.br\/noticia\/wp-json\/wp\/v2\/posts\/91465\/revisions"}],"wp:featuredmedia":[{"embeddable":true,"href":"https:\/\/migracao.redenoticia.com.br\/noticia\/wp-json\/wp\/v2\/media\/87038"}],"wp:attachment":[{"href":"https:\/\/migracao.redenoticia.com.br\/noticia\/wp-json\/wp\/v2\/media?parent=91465"}],"wp:term":[{"taxonomy":"category","embeddable":true,"href":"https:\/\/migracao.redenoticia.com.br\/noticia\/wp-json\/wp\/v2\/categories?post=91465"},{"taxonomy":"post_tag","embeddable":true,"href":"https:\/\/migracao.redenoticia.com.br\/noticia\/wp-json\/wp\/v2\/tags?post=91465"}],"curies":[{"name":"wp","href":"https:\/\/api.w.org\/{rel}","templated":true}]}}