{"id":91467,"date":"2016-07-28T18:30:12","date_gmt":"2016-07-28T21:30:12","guid":{"rendered":"http:\/\/www.redenoticia.com.br\/noticia\/?p=91467"},"modified":"2016-07-28T17:01:15","modified_gmt":"2016-07-28T20:01:15","slug":"novela-eta-mundo-bom-resumo-2907-dantas-aconselha-anastacia-a-considerar-um-acordo-com-sandra","status":"publish","type":"post","link":"https:\/\/migracao.redenoticia.com.br\/noticia\/2016\/novela-eta-mundo-bom-resumo-2907-dantas-aconselha-anastacia-a-considerar-um-acordo-com-sandra\/91467","title":{"rendered":"Novela \u201cEta Mundo Bom\u201d resumo 29\/07: Haroldo vai depor contra Anast\u00e1cia"},"content":{"rendered":"<p><img loading=\"lazy\" decoding=\"async\" class=\"alignleft size-thumbnail wp-image-82131\" src=\"https:\/\/migracao.redenoticia.com.br\/noticia\/imagens\/eta_mundo_bom_globo_novela_resumo-150x112.jpg\" alt=\"eta_mundo_bom_globo_novela_resumo\" width=\"150\" height=\"112\" srcset=\"https:\/\/migracao.redenoticia.com.br\/noticia\/imagens\/eta_mundo_bom_globo_novela_resumo-150x112.jpg 150w, https:\/\/migracao.redenoticia.com.br\/noticia\/imagens\/eta_mundo_bom_globo_novela_resumo-265x198.jpg 265w\" sizes=\"auto, (max-width: 150px) 100vw, 150px\" \/><strong><em>Novela \u201cEta Mundo Bom\u201d resumo 29\/07<\/em><\/strong>:\u00a0Sandra procura a tia e oferece uma fazenda, desde que ela retire o processo. Por um momento, Anast\u00e1cia pensa em aceitar a proposta, mas Candinho chama Sandra de ladra e a coloca para fora. N\u00e3o satisfeita, antes de sair, a loira humilha a tia ao dizer que ela vai se fantasiar de cega e pedir esmolas na porta da igreja, junto com o professor. Dantas aconselha Anast\u00e1cia a considerar um acordo com Sandra, mas esta diz que quer colocar a sobrinha na cadeia. J\u00e1 Sandra resolve armar para que Anast\u00e1cia seja considerada demente pela Justi\u00e7a, e passe a viver trancada em um hosp\u00edcio.\u00a0Para isso, ela conta com a ajuda de Paulina, que indica o psiquiatra Haroldo, que \u00e9 viciado em jogo. Sandra e Ernesto fazem um acordo para que Haroldo deponha contra Anast\u00e1cia no tribunal.<\/p>\n<p>No cap\u00edtulo 167 (*), novela \u201cEta Mundo Bom\u201d, sexta-feira, 29 de julho \u2013 Dantas aconselha Anast\u00e1cia a considerar um acordo com Sandra. Maria e Celso explicam a Eug\u00eanio que ele poder\u00e1 visitar Aninha sempre que desejar ver a neta. Diana e Severo come\u00e7am a se entender.<\/p>\n<p>Os\u00f3rio mostra as alian\u00e7as de casamento para Gerusa. Tobias convence Narcisa a permitir que Emma e Lauro fiquem juntos. H\u00e1 uma passagem de tempo.<\/p>\n<p>Pandolfo anuncia que o petr\u00f3leo est\u00e1 prestes a jorrar nas terras de Cunegundes. Com a ajuda de Paulina, Sandra e Ernesto fazem um acordo para que Haroldo deponha contra Anast\u00e1cia no tribunal.<\/p>\n<p>(*) edi\u00e7\u00e3o da Rede Globo, Novela \u201cEta Mundo Bom\u201d, sujeito a altera\u00e7\u00e3o de data e conte\u00fado.<\/p>\n","protected":false},"excerpt":{"rendered":"<p>Novela \u201cEta Mundo Bom\u201d resumo 29\/07:\u00a0Sandra procura a tia e oferece uma fazenda, desde que ela retire o processo. Por um momento, Anast\u00e1cia pensa em aceitar a proposta, mas Candinho chama Sandra de ladra e a coloca para fora. N\u00e3o satisfeita, antes de sair, a loira humilha a tia ao dizer que ela vai se [&hellip;]<\/p>\n","protected":false},"author":4,"featured_media":82131,"comment_status":"open","ping_status":"closed","sticky":false,"template":"","format":"standard","meta":{"tdm_status":"","tdm_grid_status":"","footnotes":""},"categories":[379,375,343],"tags":[441],"class_list":{"0":"post-91467","1":"post","2":"type-post","3":"status-publish","4":"format-standard","5":"has-post-thumbnail","7":"category-novelas","8":"category-rede-globo","9":"category-televisao","10":"tag-resumo-do-dia"},"_links":{"self":[{"href":"https:\/\/migracao.redenoticia.com.br\/noticia\/wp-json\/wp\/v2\/posts\/91467","targetHints":{"allow":["GET"]}}],"collection":[{"href":"https:\/\/migracao.redenoticia.com.br\/noticia\/wp-json\/wp\/v2\/posts"}],"about":[{"href":"https:\/\/migracao.redenoticia.com.br\/noticia\/wp-json\/wp\/v2\/types\/post"}],"author":[{"embeddable":true,"href":"https:\/\/migracao.redenoticia.com.br\/noticia\/wp-json\/wp\/v2\/users\/4"}],"replies":[{"embeddable":true,"href":"https:\/\/migracao.redenoticia.com.br\/noticia\/wp-json\/wp\/v2\/comments?post=91467"}],"version-history":[{"count":0,"href":"https:\/\/migracao.redenoticia.com.br\/noticia\/wp-json\/wp\/v2\/posts\/91467\/revisions"}],"wp:featuredmedia":[{"embeddable":true,"href":"https:\/\/migracao.redenoticia.com.br\/noticia\/wp-json\/wp\/v2\/media\/82131"}],"wp:attachment":[{"href":"https:\/\/migracao.redenoticia.com.br\/noticia\/wp-json\/wp\/v2\/media?parent=91467"}],"wp:term":[{"taxonomy":"category","embeddable":true,"href":"https:\/\/migracao.redenoticia.com.br\/noticia\/wp-json\/wp\/v2\/categories?post=91467"},{"taxonomy":"post_tag","embeddable":true,"href":"https:\/\/migracao.redenoticia.com.br\/noticia\/wp-json\/wp\/v2\/tags?post=91467"}],"curies":[{"name":"wp","href":"https:\/\/api.w.org\/{rel}","templated":true}]}}