{"id":91472,"date":"2016-07-28T17:30:34","date_gmt":"2016-07-28T20:30:34","guid":{"rendered":"http:\/\/www.redenoticia.com.br\/noticia\/?p=91472"},"modified":"2016-07-28T16:51:38","modified_gmt":"2016-07-28T19:51:38","slug":"novela-anjo-mau-resumo-2907-paula-toma-comprimidos-para-se-matar","status":"publish","type":"post","link":"https:\/\/migracao.redenoticia.com.br\/noticia\/2016\/novela-anjo-mau-resumo-2907-paula-toma-comprimidos-para-se-matar\/91472","title":{"rendered":"Novela \u201cAnjo Mau\u201d resumo 29\/07: Paula toma comprimidos e tenta se matar"},"content":{"rendered":"<p><img loading=\"lazy\" decoding=\"async\" class=\"alignleft size-thumbnail wp-image-83094\" src=\"https:\/\/migracao.redenoticia.com.br\/noticia\/imagens\/anjo_mau_novela_resumo-150x112.jpg\" alt=\"anjo_mau_novela_resumo\" width=\"150\" height=\"112\" srcset=\"https:\/\/migracao.redenoticia.com.br\/noticia\/imagens\/anjo_mau_novela_resumo-150x112.jpg 150w, https:\/\/migracao.redenoticia.com.br\/noticia\/imagens\/anjo_mau_novela_resumo-265x198.jpg 265w\" sizes=\"auto, (max-width: 150px) 100vw, 150px\" \/><strong><em>Novela \u201cAnjo Mau\u201d resumo 29\/07<\/em><\/strong>:\u00a0Paula, com medo de perder Rodrigo, entra no quarto de Nice com a inten\u00e7\u00e3o de mat\u00e1-la. Mas,\u00a0Alzira entra no quarto e Paula sai apavorada. Rodrigo resolve seguir o conselho de Tadeu e decide levar Nice de volta para a mans\u00e3o. Para que isso ocorra, ele desfaz o noivado com Paula e, depois, convence Nice a voltar \u00e0 mans\u00e3o. Inconformada pela derrota, Paula toma comprimidos para se matar.<\/p>\n<p>No cap\u00edtulo 090(*), novela \u201cAnjo Mau\u201d, sexta-feira, 29 de julho \u2013 Alzira entra no quarto de Nice e Paula sai apavorada. Teresa continua fingindo que n\u00e3o reconhece ningu\u00e9m.<\/p>\n<p>Tadeu aconselha Rodrigo a levar Nice de volta para a mans\u00e3o. Rui chega ao hospital quando o delegado est\u00e1 fazendo perguntas a Teresa.<\/p>\n<p>Rodrigo desfaz o noivado com Paula e, depois, convence Nice a voltar \u00e0 mans\u00e3o. Paula toma comprimidos para se matar.<\/p>\n<p>(*) edi\u00e7\u00e3o da Rede Globo, Novela \u201cAnjo Mau\u201d, sujeito a altera\u00e7\u00e3o de data e conte\u00fado.<\/p>\n","protected":false},"excerpt":{"rendered":"<p>Novela \u201cAnjo Mau\u201d resumo 29\/07:\u00a0Paula, com medo de perder Rodrigo, entra no quarto de Nice com a inten\u00e7\u00e3o de mat\u00e1-la. Mas,\u00a0Alzira entra no quarto e Paula sai apavorada. Rodrigo resolve seguir o conselho de Tadeu e decide levar Nice de volta para a mans\u00e3o. Para que isso ocorra, ele desfaz o noivado com Paula e, [&hellip;]<\/p>\n","protected":false},"author":4,"featured_media":83094,"comment_status":"open","ping_status":"closed","sticky":false,"template":"","format":"standard","meta":{"tdm_status":"","tdm_grid_status":"","footnotes":""},"categories":[379,375,343],"tags":[441],"class_list":{"0":"post-91472","1":"post","2":"type-post","3":"status-publish","4":"format-standard","5":"has-post-thumbnail","7":"category-novelas","8":"category-rede-globo","9":"category-televisao","10":"tag-resumo-do-dia"},"_links":{"self":[{"href":"https:\/\/migracao.redenoticia.com.br\/noticia\/wp-json\/wp\/v2\/posts\/91472","targetHints":{"allow":["GET"]}}],"collection":[{"href":"https:\/\/migracao.redenoticia.com.br\/noticia\/wp-json\/wp\/v2\/posts"}],"about":[{"href":"https:\/\/migracao.redenoticia.com.br\/noticia\/wp-json\/wp\/v2\/types\/post"}],"author":[{"embeddable":true,"href":"https:\/\/migracao.redenoticia.com.br\/noticia\/wp-json\/wp\/v2\/users\/4"}],"replies":[{"embeddable":true,"href":"https:\/\/migracao.redenoticia.com.br\/noticia\/wp-json\/wp\/v2\/comments?post=91472"}],"version-history":[{"count":0,"href":"https:\/\/migracao.redenoticia.com.br\/noticia\/wp-json\/wp\/v2\/posts\/91472\/revisions"}],"wp:featuredmedia":[{"embeddable":true,"href":"https:\/\/migracao.redenoticia.com.br\/noticia\/wp-json\/wp\/v2\/media\/83094"}],"wp:attachment":[{"href":"https:\/\/migracao.redenoticia.com.br\/noticia\/wp-json\/wp\/v2\/media?parent=91472"}],"wp:term":[{"taxonomy":"category","embeddable":true,"href":"https:\/\/migracao.redenoticia.com.br\/noticia\/wp-json\/wp\/v2\/categories?post=91472"},{"taxonomy":"post_tag","embeddable":true,"href":"https:\/\/migracao.redenoticia.com.br\/noticia\/wp-json\/wp\/v2\/tags?post=91472"}],"curies":[{"name":"wp","href":"https:\/\/api.w.org\/{rel}","templated":true}]}}