{"id":9148,"date":"2009-08-19T14:28:51","date_gmt":"2009-08-19T18:28:51","guid":{"rendered":"http:\/\/www.redenoticia.com.br\/noticia\/?p=9148"},"modified":"2009-08-19T14:28:51","modified_gmt":"2009-08-19T18:28:51","slug":"sbt-aos-28-anos-%e2%80%93-famosos-falam-desta-historia","status":"publish","type":"post","link":"https:\/\/migracao.redenoticia.com.br\/noticia\/2009\/sbt-aos-28-anos-%e2%80%93-famosos-falam-desta-historia\/9148","title":{"rendered":"SBT aos 28 Anos \u2013 Famosos falam desta hist\u00f3ria"},"content":{"rendered":"<p>\u00c0s 10h do dia 19 de agosto de 1981, o SBT \u2013 Sistema Brasileiro de Televis\u00e3o entrava no ar j\u00e1 com a proposta in\u00e9dita de mostrar a solenidade de assinatura da concess\u00e3o, ao vivo e em cores, diretamente do Minist\u00e9rio das Comunica\u00e7\u00f5es, em Bras\u00edlia. S\u00e3o 28 anos de vida na hist\u00f3ria da televis\u00e3o brasileira com muitas vit\u00f3rias e comemora\u00e7\u00f5es. A emissora, segunda maior rede de TV do pa\u00eds, tem muitos bons motivos para celebrar seus 27 anos. S\u00e3o 109 emissoras que cobrem mais de 96% dos lares com TV, uma programa\u00e7\u00e3o diversificada com 24 horas de entretenimento para adultos e crian\u00e7as, que atinge mais 182 milh\u00f5es de telespectadores e um casting de primeira com apresentadores, atores, jornalistas e outros profissionais. SBT aos 28 anos, leia o depoimento dos Famosos sobre esta hist\u00f3ria.<\/p>\n<p>SBT aos 28 Anos Alexandre Bacci<br \/>\n\u201cEstar no SBT me faz sentir mais pr\u00f3ximo do povo!\u201d<\/p>\n<p>SBT aos 28 Anos Andr\u00e9 Vasco<br \/>\n&#8220;N\u00e3o cabe em linhas o sentimento de trabalhar num lugar de energia t\u00e3o positiva. Um lugar tradicional e ao mesmo tempo moderno que domina a arte de falar com as massas! Sinto que hoje fa\u00e7o parte do mito, da fam\u00edlia SBT!&#8221;<\/p>\n<p>SBT aos 28 Anos Arlindo Grund<br \/>\n\u201cTrabalhar no SBT \u00e9 fazer parte da TV Mais Feliz do Brasil!\u201d<\/p>\n<p>SBT aos 28 Anos Beto Marden<br \/>\n\u201c\u00c9 muito bom fazer parte do time que a gente veste a camisa feliz! Todo o meu respeito e amor ao consagrado sistema brasileiro de televis\u00e3o.\u201d<\/p>\n<p>SBT aos 28 Anos Carlos Alberto<br \/>\n&#8220;Sou um privilegiado, porque toda a hist\u00f3ria dos 28 anos do SBT come\u00e7ou na minha casa.&#8221;<\/p>\n<p>SBT aos 28 Anos Carlos Miranda<br \/>\n\u201cTrabalhar no SBT \u00e9 como ter a sua fam\u00edlia ampliada. \u00c9 conviver com pessoas que torcem umas pelo sucesso das outras. \u00c9 olhar em frente e ver um exemplo de amor pelo p\u00fablico, de dedica\u00e7\u00e3o total e alto-astral. \u00c9 ser feliz como poucos t\u00eam a oportunidade de ser e poder dividir essa alegria com nossos amigos telespectadores.\u201d<\/p>\n<p>SBT aos 28 Anos Carlos Nascimento<br \/>\n\u201cO que daria mais alegria a um jornalista do que informar o Brasil, todos os dias, com isen\u00e7\u00e3o, transpar\u00eancia e liberdade?\u201d<\/p>\n<p>SBT aos 28 Anos Celso Portiolli<br \/>\n\u201cNo SBT a gente trabalha com felicidade! 28 anos de alegria divertindo a fam\u00edlia brasileira. Feliz quem faz e feliz quem assiste. Por isso \u00e9 a emissora mais feliz do Brasil\u201d.<\/p>\n<p>SBT aos 28 Anos Cesar Filho<br \/>\n\u201cSempre que vou para o SBT fa\u00e7o isso com alegria. Adoro trabalhar na emissora. O SBT \u00e9 diferente. Tenho um imenso carinho pela fam\u00edlia SBT. Acredito que o mesmo acontece com todos os nossos profissionais. Por isso fazemos do SBT, a TV Mais Feliz do Brasil!\u201d<\/p>\n<p>SBT aos 28 Anos Cris Poli<br \/>\n\u201cSou muito grata a Deus por ter me permitido fazer parte da grande fam\u00edlia que \u00e9 o SBT. \u00c9 uma nova fase de minha vida em que aprendi muito e continuo aprendendo cada dia. Feliz anivers\u00e1rio para o SBT, a TV Mais Feliz do Brasil!\u201d<\/p>\n<p>SBT aos 28 Anos Cynthia Benini<br \/>\n&#8220;Fazer parte da TV Mais Feliz do Brasil \u00e9 acreditar, com entusiasmo, que fazemos com liberdade e aceitamos os desafios com for\u00e7a e confian\u00e7a na vit\u00f3ria.\u201d<\/p>\n<p>SBT aos 28 Anos Cyz<br \/>\n\u201cPara mim \u00e9 uma honra e uma alegria enorme fazer parte do SBT. Isso sem contar que cada dia que passa me torno ainda mais f\u00e3.\u201d<\/p>\n<p>SBT aos 28 Anos Eliana<br \/>\n&#8220;\u00c9 uma honra voltar para a casa onde comecei, e j\u00e1 participar de uma festa. Parab\u00e9ns ao SBT pelos seus 28 anos. Tenho orgulho de fazer parte da hist\u00f3ria da TV Mais Feliz do Brasil!&#8221;<\/p>\n<p>SBT aos 28 Anos Isabella Fiorentino<br \/>\n&#8220;\u00c9 muito gratificante trabalhar numa emissora que tem como maior diferencial ter uma rela\u00e7\u00e3o especial com seus artistas \u2013 somos reconhecidos e respeitados de uma maneira \u00edmpar. Tenho a sorte de trabalhar com profissionais incr\u00edveis, que transformam nosso esfor\u00e7o num resultado maravilhoso! Em t\u00e3o pouco tempo que tenho aqui, j\u00e1 posso dizer que fa\u00e7o parte da hist\u00f3ria do SBT! E isso \u00e9 uma grande honra para mim!&#8221;<\/p>\n<p>SBT aos 28 Anos Ligia Mendes<br \/>\n\u201cFazer televis\u00e3o trabalhando para o Silvio Santos \u00e9 de bom gosto em qualquer lugar do mundo. Fazer parte de uma equipe brilhante e construir sonhos em todo o Brasil \u00e9 ver o sonho da minha vida se realizando. Parab\u00e9ns SBT e muito obrigada.&#8221;<\/p>\n<p>SBT aos 28 Anos Patr\u00edcia Salvador<br \/>\n&#8220;O SBT faz parte da minha vida h\u00e1 mais de dez anos. Amo viver o SBT!&#8221;<\/p>\n<p>SBT aos 28 Anos Priscila<br \/>\n\u201cFazer parte da Tv Mais Feliz do Brasil \u00e9 a melhor coisa! No SBT, nos sentimos muito bem, \u00e9 como estar em casa! Todos n\u00f3s fazemos do SBT a TV Mais Feliz do Brasil porque \u00e9 um lugar onde podemos ser quem somos e podemos mostrar o quanto somos felizes! Estou muito feliz em poder comemorar mais um ano do SBT. Isso \u00e9 muito importante para mim!\u201d<\/p>\n<p>SBT aos 28 Anos Ratinho<br \/>\n\u201cO SBT leva felicidade ao povo brasileiro identificando-se com ele. Entra na casa de cada um promovendo sonhos e muita alegria. Tenho orgulho de fazer parte desta fam\u00edlia.\u201d<\/p>\n<p>SBT aos 28 Anos Rebecca<br \/>\n\u201cA TV Mais Feliz do Brasil realizou o meu sonho, hoje sou a mais feliz do mundo. \u00c9 um prazer levar alegria atrav\u00e9s do SBT. Eu tenho a honra e o privil\u00e9gio de fazer parte da TV mais feliz do Brasil. Sou uma pessoa aben\u00e7oada!\u201d<\/p>\n<p>SBT aos 28 Anos Roberto Justus<br \/>\n\u201cA felicidade \u00e9 o maior compromisso que temos na vida. Fazer parte da TV mais feliz do Brasil \u00e9 trabalho misturado com alegria, e essa \u00e9 a melhor f\u00f3rmula para o sucesso.\u201d<\/p>\n<p>SBT aos 28 Anos Thomas Roth<br \/>\n\u201cDizer que o SBT \u00e9 a TV Mais Feliz do Brasil n\u00e3o \u00e9 apenas figura de ret\u00f3rica. \u00c9 a mais pura express\u00e3o do que nos corredores, nos est\u00fadios e nas salas do SBT. Isso transpira para o grande p\u00fablico, atrav\u00e9s da telinha, gra\u00e7as \u00e0 sua programa\u00e7\u00e3o divertida, humana, simp\u00e1tica e verdadeira. E, claro, eu s\u00f3 posso me sentir muito feliz por fazer parte desta grande fam\u00edlia\u201d.<\/p>\n<p>SBT aos 28 Anos Yudi<br \/>\n\u201cA gente nasce, cresce e deixa uma hist\u00f3ria maravilhosa. Eu nasci e estou crescendo muito feliz no SBT. Essa \u00e9 a minha casa e de todos brasileiros.\u201d<\/p>\n<p>SBT aos 28 Anos Z\u00e9 Am\u00e9rico<br \/>\n\u201cSinto-me o cara mais feliz do mundo, um jogador de uma equipe campe\u00e3, pronto para entrar e fazer um gol na concorr\u00eancia.\u201d<\/p>\n","protected":false},"excerpt":{"rendered":"<p>\u00c0s 10h do dia 19 de agosto de 1981, o SBT \u2013 Sistema Brasileiro de Televis\u00e3o entrava no ar j\u00e1 com a proposta in\u00e9dita de mostrar a solenidade de assinatura da concess\u00e3o, ao vivo e em cores, diretamente do Minist\u00e9rio das Comunica\u00e7\u00f5es, em Bras\u00edlia. S\u00e3o 28 anos de vida na hist\u00f3ria da televis\u00e3o brasileira com [&hellip;]<\/p>\n","protected":false},"author":3,"featured_media":0,"comment_status":"open","ping_status":"open","sticky":false,"template":"","format":"standard","meta":{"tdm_status":"","tdm_grid_status":"","footnotes":""},"categories":[22,343],"tags":[],"class_list":{"0":"post-9148","1":"post","2":"type-post","3":"status-publish","4":"format-standard","6":"category-brasil","7":"category-televisao"},"_links":{"self":[{"href":"https:\/\/migracao.redenoticia.com.br\/noticia\/wp-json\/wp\/v2\/posts\/9148","targetHints":{"allow":["GET"]}}],"collection":[{"href":"https:\/\/migracao.redenoticia.com.br\/noticia\/wp-json\/wp\/v2\/posts"}],"about":[{"href":"https:\/\/migracao.redenoticia.com.br\/noticia\/wp-json\/wp\/v2\/types\/post"}],"author":[{"embeddable":true,"href":"https:\/\/migracao.redenoticia.com.br\/noticia\/wp-json\/wp\/v2\/users\/3"}],"replies":[{"embeddable":true,"href":"https:\/\/migracao.redenoticia.com.br\/noticia\/wp-json\/wp\/v2\/comments?post=9148"}],"version-history":[{"count":0,"href":"https:\/\/migracao.redenoticia.com.br\/noticia\/wp-json\/wp\/v2\/posts\/9148\/revisions"}],"wp:attachment":[{"href":"https:\/\/migracao.redenoticia.com.br\/noticia\/wp-json\/wp\/v2\/media?parent=9148"}],"wp:term":[{"taxonomy":"category","embeddable":true,"href":"https:\/\/migracao.redenoticia.com.br\/noticia\/wp-json\/wp\/v2\/categories?post=9148"},{"taxonomy":"post_tag","embeddable":true,"href":"https:\/\/migracao.redenoticia.com.br\/noticia\/wp-json\/wp\/v2\/tags?post=9148"}],"curies":[{"name":"wp","href":"https:\/\/api.w.org\/{rel}","templated":true}]}}