{"id":91481,"date":"2016-07-28T19:30:19","date_gmt":"2016-07-28T22:30:19","guid":{"rendered":"http:\/\/www.redenoticia.com.br\/noticia\/?p=91481"},"modified":"2016-07-28T17:04:00","modified_gmt":"2016-07-28T20:04:00","slug":"novela-cumplices-de-um-resgate-resumo-2907-otavio-vai-ate-a-mansao-de-regina","status":"publish","type":"post","link":"https:\/\/migracao.redenoticia.com.br\/noticia\/2016\/novela-cumplices-de-um-resgate-resumo-2907-otavio-vai-ate-a-mansao-de-regina\/91481","title":{"rendered":"Novela \u201cC\u00famplices de um Resgate\u201d resumo 29\/07: carro de Regina explode"},"content":{"rendered":"<p><img loading=\"lazy\" decoding=\"async\" class=\"alignleft size-thumbnail wp-image-71351\" src=\"https:\/\/migracao.redenoticia.com.br\/noticia\/imagens\/cumplices_de_um_resgate_sbt_novela_resumo-150x112.jpg\" alt=\"cumplices_de_um_resgate_sbt_novela_resumo\" width=\"150\" height=\"112\" srcset=\"https:\/\/migracao.redenoticia.com.br\/noticia\/imagens\/cumplices_de_um_resgate_sbt_novela_resumo-150x112.jpg 150w, https:\/\/migracao.redenoticia.com.br\/noticia\/imagens\/cumplices_de_um_resgate_sbt_novela_resumo-265x198.jpg 265w\" sizes=\"auto, (max-width: 150px) 100vw, 150px\" \/><strong><em>Novela \u201cC\u00famplices de um Resgate\u201d resumo 29\/07<\/em><\/strong>:\u00a0Rebeca liga para Ot\u00e1vio e conta que j\u00e1 sabe que Regina sequestrou sua filha Ele diz que est\u00e1 atr\u00e1s de Regina. Ot\u00e1vio vai at\u00e9 a mans\u00e3o da vil\u00e3 e a encontra. Ele diz que j\u00e1 sabe toda a verdade e Regina consegue fugir de carro. Ot\u00e1vio a persegue. Regina vai at\u00e9 o cativeiro para pegar Isabela e as duas lutam. Regina arrasta a garota para outro lugar, mas ela consegue sair do carro de Regina e Ot\u00e1vio lhe d\u00e1 cobertura. Os dois seguem Regina de carro. Esta se descuida na curva e seu carro cai de um morro e explode.<\/p>\n<p>No cap\u00edtulo 260(*), novela \u201cC\u00famplice de um Resgate\u201d, sexta-feira, 29 de julho \u2013 Rebeca liga para Ot\u00e1vio e conta que j\u00e1 sabe que Regina sequestrou sua filha. Ot\u00e1vio ficou sabendo disso a pouco tempo e que est\u00e1 atr\u00e1s de Regina. Rebeca fica preocupada com Ot\u00e1vio, pois conclui que o acidente dele foi provocado por Regina.<\/p>\n<p>Ot\u00e1vio encontra Regina na mans\u00e3o e diz que j\u00e1 sabe toda a verdade. Regina consegue fugir de carro e Ot\u00e1vio tenta perseguir a megera. Regina vai at\u00e9 o cativeiro para pegar Isabela. As duas lutam. Isabela d\u00e1 uma bofetada em Regina, que surta e enforca a garota at\u00e9 ela desmaiar. Regina arrasta Isabela para outro lugar.<\/p>\n<p>Isabela consegue sair do carro de Regina e Ot\u00e1vio lhe d\u00e1 cobertura. Os dois seguem Regina de carro. Lutero diz para Fiorina que ir\u00e1 deixar de ser padre. Fiorina desmaia. Regina se descuida na curva e seu carro cai de um morro e explode.<\/p>\n<p>(*) edi\u00e7\u00e3o do SBT, Novela \u201cC\u00famplices de um Resgate\u201d, sujeito a altera\u00e7\u00e3o de data e conte\u00fado.<\/p>\n","protected":false},"excerpt":{"rendered":"<p>Novela \u201cC\u00famplices de um Resgate\u201d resumo 29\/07:\u00a0Rebeca liga para Ot\u00e1vio e conta que j\u00e1 sabe que Regina sequestrou sua filha Ele diz que est\u00e1 atr\u00e1s de Regina. Ot\u00e1vio vai at\u00e9 a mans\u00e3o da vil\u00e3 e a encontra. Ele diz que j\u00e1 sabe toda a verdade e Regina consegue fugir de carro. Ot\u00e1vio a persegue. Regina [&hellip;]<\/p>\n","protected":false},"author":4,"featured_media":71351,"comment_status":"open","ping_status":"closed","sticky":false,"template":"","format":"standard","meta":{"tdm_status":"","tdm_grid_status":"","footnotes":""},"categories":[379,372,343],"tags":[441],"class_list":{"0":"post-91481","1":"post","2":"type-post","3":"status-publish","4":"format-standard","5":"has-post-thumbnail","7":"category-novelas","8":"category-sbt","9":"category-televisao","10":"tag-resumo-do-dia"},"_links":{"self":[{"href":"https:\/\/migracao.redenoticia.com.br\/noticia\/wp-json\/wp\/v2\/posts\/91481","targetHints":{"allow":["GET"]}}],"collection":[{"href":"https:\/\/migracao.redenoticia.com.br\/noticia\/wp-json\/wp\/v2\/posts"}],"about":[{"href":"https:\/\/migracao.redenoticia.com.br\/noticia\/wp-json\/wp\/v2\/types\/post"}],"author":[{"embeddable":true,"href":"https:\/\/migracao.redenoticia.com.br\/noticia\/wp-json\/wp\/v2\/users\/4"}],"replies":[{"embeddable":true,"href":"https:\/\/migracao.redenoticia.com.br\/noticia\/wp-json\/wp\/v2\/comments?post=91481"}],"version-history":[{"count":0,"href":"https:\/\/migracao.redenoticia.com.br\/noticia\/wp-json\/wp\/v2\/posts\/91481\/revisions"}],"wp:featuredmedia":[{"embeddable":true,"href":"https:\/\/migracao.redenoticia.com.br\/noticia\/wp-json\/wp\/v2\/media\/71351"}],"wp:attachment":[{"href":"https:\/\/migracao.redenoticia.com.br\/noticia\/wp-json\/wp\/v2\/media?parent=91481"}],"wp:term":[{"taxonomy":"category","embeddable":true,"href":"https:\/\/migracao.redenoticia.com.br\/noticia\/wp-json\/wp\/v2\/categories?post=91481"},{"taxonomy":"post_tag","embeddable":true,"href":"https:\/\/migracao.redenoticia.com.br\/noticia\/wp-json\/wp\/v2\/tags?post=91481"}],"curies":[{"name":"wp","href":"https:\/\/api.w.org\/{rel}","templated":true}]}}