{"id":91486,"date":"2016-07-28T18:00:44","date_gmt":"2016-07-28T21:00:44","guid":{"rendered":"http:\/\/www.redenoticia.com.br\/noticia\/?p=91486"},"modified":"2016-07-28T16:53:39","modified_gmt":"2016-07-28T19:53:39","slug":"novela-meu-coracao-e-teu-resumo-2907-fernando-conta-a-nando-que-ana-era-bailarina","status":"publish","type":"post","link":"https:\/\/migracao.redenoticia.com.br\/noticia\/2016\/novela-meu-coracao-e-teu-resumo-2907-fernando-conta-a-nando-que-ana-era-bailarina\/91486","title":{"rendered":"Novela \u201cMeu Cora\u00e7\u00e3o \u00e9 Teu\u201d resumo 29\/07: Fernando engana as crian\u00e7as"},"content":{"rendered":"<p><img loading=\"lazy\" decoding=\"async\" class=\"alignleft size-thumbnail wp-image-82119\" src=\"https:\/\/migracao.redenoticia.com.br\/noticia\/imagens\/meu_coracao_e_teu_novela_resumo_sbt-150x112.jpg\" alt=\"meu_coracao_e_teu_novela_resumo_sbt\" width=\"150\" height=\"112\" srcset=\"https:\/\/migracao.redenoticia.com.br\/noticia\/imagens\/meu_coracao_e_teu_novela_resumo_sbt-150x112.jpg 150w, https:\/\/migracao.redenoticia.com.br\/noticia\/imagens\/meu_coracao_e_teu_novela_resumo_sbt-265x198.jpg 265w\" sizes=\"auto, (max-width: 150px) 100vw, 150px\" \/><strong><em>Novela \u201cMeu Cora\u00e7\u00e3o \u00e9 Teu\u201d resumo 29\/07<\/em><\/strong>:\u00a0Fernando descobre que Fanny sabia sobre Ana e fica furioso. Fanny sai atr\u00e1s de Ana e esta conta sobre a discuss\u00e3o que teve com seu pai. Depois, Fernando conta a Nando que Ana era bailarina em um antro. Nando se desconcerta. Fernando e Nando decidem inventar uma hist\u00f3ria para explicar para as crian\u00e7as porque Ana deixou a mans\u00e3o. Ana come\u00e7a a se sentir mal e Soledade liga para Angel para lhe contar os sintomas da filha. O m\u00e9dico chega para examinar Ana e conclui que o que ela teve foi um ataque de ansiedade. Enquanto isso, Fernando diz \u00e0s crian\u00e7as que Ana n\u00e3o est\u00e1 na mans\u00e3o por estar doente.<\/p>\n<p>No cap\u00edtulo 110(*), novela \u201cMeu Cora\u00e7\u00e3o \u00e9 Teu\u201d, sexta-feira, 29 de julho \u2013 Helena e Nando se reconciliam. L\u00eanin vai ver Edith e a encontra destro\u00e7ada, pois Nando optou por Helena. L\u00eanin a diz que ainda que esteja fazendo o maior esfor\u00e7o, n\u00e3o pode ganhar o cora\u00e7\u00e3o de Fanny, pois ela sempre amar\u00e1 Leon. Fernando conta a Nando que Ana era bailarina em um antro. Nando se desconcerta. Fernando e Nando decidem inventar uma hist\u00f3ria para explicar para as crian\u00e7as porque Ana deixou a mans\u00e3o. Ana conta a Fanny sobre sua discuss\u00e3o com Fernando.<\/p>\n<p>Leon liga para Fanny e diz que foi Henrique que o feriu, e que ela deve se cuidar, pois \u00e9 a pr\u00f3xima da lista do cr\u00e1pula. Ana come\u00e7a a se sentir mal. Magda chega \u00e0 casa de Angel, depois de haver tomado uns copos al\u00e9m da conta, e o diz que est\u00e1 cansada de continuar esperando por ele. Soledade liga para Angel para lhe contar os sintomas de Ana. Dorival entra na casa de Isabela e a surpreende. Ele afirma que pela exist\u00eancia de um v\u00eddeo que o compromete, precisa fugir, e Isabela ter\u00e1 que lhe dar o dinheiro necess\u00e1rio para tal. Ele a amea\u00e7a com uma arma.<\/p>\n<p>Angel chega para examinar Ana e conclui que o que ela teve foi um ataque de ansiedade. Fernando diz \u00e0s crian\u00e7as que Ana n\u00e3o est\u00e1 na mans\u00e3o por estar doente. Fanny conta a Fernando que Henrique feriu Leon. Fanny visita Leon no hospital e ele diz que a ama. Henrique sequestra o Doutor Saldanha e pergunta se Diego Nicolas \u00e9 filho de Fernando. O doutor responde que n\u00e3o. Isabela escuta uma conversa de Nando e Fernando no escrit\u00f3rio e os interrompe, questionando sobre o que est\u00e1 ocorrendo.<\/p>\n<p>(*) edi\u00e7\u00e3o do SBT, Novela \u201cMeu Cora\u00e7\u00e3o \u00e9 Teu\u201d, sujeito a altera\u00e7\u00e3o de data e conte\u00fado.<\/p>\n","protected":false},"excerpt":{"rendered":"<p>Novela \u201cMeu Cora\u00e7\u00e3o \u00e9 Teu\u201d resumo 29\/07:\u00a0Fernando descobre que Fanny sabia sobre Ana e fica furioso. Fanny sai atr\u00e1s de Ana e esta conta sobre a discuss\u00e3o que teve com seu pai. Depois, Fernando conta a Nando que Ana era bailarina em um antro. Nando se desconcerta. Fernando e Nando decidem inventar uma hist\u00f3ria para [&hellip;]<\/p>\n","protected":false},"author":4,"featured_media":82119,"comment_status":"open","ping_status":"closed","sticky":false,"template":"","format":"standard","meta":{"tdm_status":"","tdm_grid_status":"","footnotes":""},"categories":[379,372,343],"tags":[441],"class_list":{"0":"post-91486","1":"post","2":"type-post","3":"status-publish","4":"format-standard","5":"has-post-thumbnail","7":"category-novelas","8":"category-sbt","9":"category-televisao","10":"tag-resumo-do-dia"},"_links":{"self":[{"href":"https:\/\/migracao.redenoticia.com.br\/noticia\/wp-json\/wp\/v2\/posts\/91486","targetHints":{"allow":["GET"]}}],"collection":[{"href":"https:\/\/migracao.redenoticia.com.br\/noticia\/wp-json\/wp\/v2\/posts"}],"about":[{"href":"https:\/\/migracao.redenoticia.com.br\/noticia\/wp-json\/wp\/v2\/types\/post"}],"author":[{"embeddable":true,"href":"https:\/\/migracao.redenoticia.com.br\/noticia\/wp-json\/wp\/v2\/users\/4"}],"replies":[{"embeddable":true,"href":"https:\/\/migracao.redenoticia.com.br\/noticia\/wp-json\/wp\/v2\/comments?post=91486"}],"version-history":[{"count":0,"href":"https:\/\/migracao.redenoticia.com.br\/noticia\/wp-json\/wp\/v2\/posts\/91486\/revisions"}],"wp:featuredmedia":[{"embeddable":true,"href":"https:\/\/migracao.redenoticia.com.br\/noticia\/wp-json\/wp\/v2\/media\/82119"}],"wp:attachment":[{"href":"https:\/\/migracao.redenoticia.com.br\/noticia\/wp-json\/wp\/v2\/media?parent=91486"}],"wp:term":[{"taxonomy":"category","embeddable":true,"href":"https:\/\/migracao.redenoticia.com.br\/noticia\/wp-json\/wp\/v2\/categories?post=91486"},{"taxonomy":"post_tag","embeddable":true,"href":"https:\/\/migracao.redenoticia.com.br\/noticia\/wp-json\/wp\/v2\/tags?post=91486"}],"curies":[{"name":"wp","href":"https:\/\/api.w.org\/{rel}","templated":true}]}}