{"id":91489,"date":"2016-07-28T19:07:08","date_gmt":"2016-07-28T22:07:08","guid":{"rendered":"http:\/\/www.redenoticia.com.br\/noticia\/?p=91489"},"modified":"2016-07-28T16:08:56","modified_gmt":"2016-07-28T19:08:56","slug":"novela-sila-resumo-2907-coracao-de-boran-fica-agitado","status":"publish","type":"post","link":"https:\/\/migracao.redenoticia.com.br\/noticia\/2016\/novela-sila-resumo-2907-coracao-de-boran-fica-agitado\/91489","title":{"rendered":"Novela \u201cSila\u201d resumo 29\/07: cora\u00e7\u00e3o de Boran fica agitado"},"content":{"rendered":"<p> <img loading=\"lazy\" decoding=\"async\" class=\"alignleft size-thumbnail wp-image-83098\" src=\"https:\/\/migracao.redenoticia.com.br\/noticia\/imagens\/sila_band_novela_resumo_capitulo-150x112.jpg\" alt=\"sila_band_novela_resumo_capitulo\" width=\"150\" height=\"112\" srcset=\"https:\/\/migracao.redenoticia.com.br\/noticia\/imagens\/sila_band_novela_resumo_capitulo-150x112.jpg 150w, https:\/\/migracao.redenoticia.com.br\/noticia\/imagens\/sila_band_novela_resumo_capitulo-265x198.jpg 265w\" sizes=\"auto, (max-width: 150px) 100vw, 150px\" \/><strong><em> Novela \u201cSila\u201d resumo 29\/07<\/em><\/strong>: os m\u00e9dicos recomendam que Sila deve deixar Boran nas m\u00e3os dos melhores especialistas. Ent\u00e3o, ela concorda em fazer todo o poss\u00edvel para ajud\u00e1-lo. Boran \u00e9 transferido para um hospital em Istambul. Sila e os pais tamb\u00e9m viajam. Sila permanece ao lado do marido e o cora\u00e7\u00e3o de Boran fica agitado toda vez que ele ouve sua voz.<\/p>\n<p>No capitulo 106(*), novela \u201cSila\u201d, sexta-feira, 29 de julho &#8211; Boran perde a mem\u00f3ria e n\u00e3o se lembra de nada antes do coma. Ahmet presta depoimento \u00e0 pol\u00edcia. Gyzem aceita um trabalho na Alemanha e Abay fica arrasado. Sila fica enciumada ao ver uma m\u00e9dica examinando Boran. Bedar descobre que tem uma doen\u00e7a muito grave. Boran n\u00e3o se lembra de nada e pergunta a Sila o que aconteceu. Ela encoraja-o para n\u00e3o se preocupar.<\/p>\n<p> Boran sai do hospital. Celil decide alugar um apartamento em Istambul para iniciar o tratamento de Bedar. Dilaver assume a diretoria das empresas de Sila. Boran n\u00e3o se lembra de nada e pergunta a seu tio Zinar o que realmente aconteceu. Ele diz que Boran foi baleado e que o culpado ser\u00e1 punido. Enquanto isso, Emre pede demiss\u00e3o do conselho de administra\u00e7\u00e3o da empresa de Sila. A m\u00e9dica de Boran vai visit\u00e1-lo em casa e Sila flagra os dois juntos. Boran conversa animadamente com sua m\u00e9dica.<\/p>\n<p> Zinar promete castigar Ahmet e o homem que atirou em Boran. Sila fala ao telefone com a m\u00e9dica de Boran e as duas marcam um encontro. Emir chega de Istambul. Abay conta a Boran sobre o dia do atentado. O assassino ainda persegue Boran. Bedar passa mal em casa e preocupa Narin e Sila. A m\u00e9dica chama Sila para fazer algumas queixas sobre o comportamento de Boran. Al\u00e9m disso, quer v\u00ea-lo, porque precisa tratar a perda de mem\u00f3ria. Sila revela que h\u00e1 dois incidentes que Boran n\u00e3o se lembra.<\/p>\n<p>(*) edi\u00e7\u00e3o da Band, Novela \u201cSila\u201d, sujeito a altera\u00e7\u00e3o de data e conte\u00fado.<\/p>\n","protected":false},"excerpt":{"rendered":"<p>Novela \u201cSila\u201d resumo 29\/07: os m\u00e9dicos recomendam que Sila deve deixar Boran nas m\u00e3os dos melhores especialistas. Ent\u00e3o, ela concorda em fazer todo o poss\u00edvel para ajud\u00e1-lo. Boran \u00e9 transferido para um hospital em Istambul. Sila e os pais tamb\u00e9m viajam. Sila permanece ao lado do marido e o cora\u00e7\u00e3o de Boran fica agitado toda [&hellip;]<\/p>\n","protected":false},"author":2,"featured_media":83098,"comment_status":"open","ping_status":"closed","sticky":false,"template":"","format":"standard","meta":{"tdm_status":"","tdm_grid_status":"","footnotes":""},"categories":[390,379,343],"tags":[441],"class_list":{"0":"post-91489","1":"post","2":"type-post","3":"status-publish","4":"format-standard","5":"has-post-thumbnail","7":"category-band","8":"category-novelas","9":"category-televisao","10":"tag-resumo-do-dia"},"_links":{"self":[{"href":"https:\/\/migracao.redenoticia.com.br\/noticia\/wp-json\/wp\/v2\/posts\/91489","targetHints":{"allow":["GET"]}}],"collection":[{"href":"https:\/\/migracao.redenoticia.com.br\/noticia\/wp-json\/wp\/v2\/posts"}],"about":[{"href":"https:\/\/migracao.redenoticia.com.br\/noticia\/wp-json\/wp\/v2\/types\/post"}],"author":[{"embeddable":true,"href":"https:\/\/migracao.redenoticia.com.br\/noticia\/wp-json\/wp\/v2\/users\/2"}],"replies":[{"embeddable":true,"href":"https:\/\/migracao.redenoticia.com.br\/noticia\/wp-json\/wp\/v2\/comments?post=91489"}],"version-history":[{"count":0,"href":"https:\/\/migracao.redenoticia.com.br\/noticia\/wp-json\/wp\/v2\/posts\/91489\/revisions"}],"wp:featuredmedia":[{"embeddable":true,"href":"https:\/\/migracao.redenoticia.com.br\/noticia\/wp-json\/wp\/v2\/media\/83098"}],"wp:attachment":[{"href":"https:\/\/migracao.redenoticia.com.br\/noticia\/wp-json\/wp\/v2\/media?parent=91489"}],"wp:term":[{"taxonomy":"category","embeddable":true,"href":"https:\/\/migracao.redenoticia.com.br\/noticia\/wp-json\/wp\/v2\/categories?post=91489"},{"taxonomy":"post_tag","embeddable":true,"href":"https:\/\/migracao.redenoticia.com.br\/noticia\/wp-json\/wp\/v2\/tags?post=91489"}],"curies":[{"name":"wp","href":"https:\/\/api.w.org\/{rel}","templated":true}]}}