{"id":91490,"date":"2016-07-28T15:40:20","date_gmt":"2016-07-28T18:40:20","guid":{"rendered":"http:\/\/www.redenoticia.com.br\/noticia\/?p=91490"},"modified":"2016-07-28T16:48:00","modified_gmt":"2016-07-28T19:48:00","slug":"novela-abismo-da-paixao-resumo-2907-elisa-descobre-o-problema-de-horacio","status":"publish","type":"post","link":"https:\/\/migracao.redenoticia.com.br\/noticia\/2016\/novela-abismo-da-paixao-resumo-2907-elisa-descobre-o-problema-de-horacio\/91490","title":{"rendered":"Novela \u201cAbismo da Paix\u00e3o\u201d resumo 29\/07: Lucio engana Elisa"},"content":{"rendered":"<p><img loading=\"lazy\" decoding=\"async\" class=\"alignleft size-thumbnail wp-image-81978\" src=\"https:\/\/migracao.redenoticia.com.br\/noticia\/imagens\/abismo_de_paixao_sbt_resumo_novela-150x112.jpg\" alt=\"abismo_de_paixao_sbt_resumo_novela\" width=\"150\" height=\"112\" srcset=\"https:\/\/migracao.redenoticia.com.br\/noticia\/imagens\/abismo_de_paixao_sbt_resumo_novela-150x112.jpg 150w, https:\/\/migracao.redenoticia.com.br\/noticia\/imagens\/abismo_de_paixao_sbt_resumo_novela-265x198.jpg 265w\" sizes=\"auto, (max-width: 150px) 100vw, 150px\" \/><strong><em>Novela \u201cAbismo da Paix\u00e3o\u201d resumo 29\/07<\/em><\/strong>:\u00a0Dami\u00e3o leva Lucio a um banco para depositar dinheiro em nome de Elisa, e depois pede ao senhor que jamais revele isso a Elisa. Lucio diz a Dami\u00e3o que espera que Elisa nunca os descubra, pois nunca os perdoaria. Mais tarde, L\u00facio procura Elisa na Fazenda Castanhon e diz que precisa falar com ela a s\u00f3s. Ent\u00e3o, Carmem sai e vai falar com o bispo sobre o Padre Guadalupe, e prop\u00f5e que o troquem de par\u00f3quia. A s\u00f3s, Lucio diz a Elisa que Augusto quis protege-la. Por isso ele abriu uma conta em seu nome e, com esse dinheiro, ela pode quitar sua d\u00edvida com Almerinda.<\/p>\n<p>No cap\u00edtulo 090 (*), novela \u201cAbismo da Paix\u00e3o\u201d, sexta-feira, 29 de julho \u2013 a fazenda Beltr\u00e1n, Ramiro fala com Edwirges para reiterar que n\u00e3o lhe devolver\u00e1 a fazenda. Ela insiste em devolver o cheque. Ramiro pega o cheque e diz que agora a fazenda lhe sair\u00e1 gr\u00e1tis. Edwirges sofre um enfarto e morre. Na fazenda Castanhon, Lucio diz a Elisa que precisa falar com ela a s\u00f3s.<\/p>\n<p>Carmem vai falar com o bispo sobre o Padre Guadalupe e prop\u00f5e que o troquem de par\u00f3quia. Lucio diz a Elisa que Augusto quis protege-la. Por isso ele abriu uma conta em seu nome, e com esse dinheiro ela pode quitar sua d\u00edvida com Almerinda. Ingrid prop\u00f5e a Ramiro que matem Almerinda, para que Dami\u00e3o entregue a Gael metade de sua fortuna.<\/p>\n<p>Na igreja, Elisa descobre o problema de Hor\u00e1cio e pede perd\u00e3o a Dolores por t\u00ea-la convencido a se casar com ele. No hospital, Antonia reclama com Br\u00e1ulio e diz que Ramiro a violou h\u00e1 alguns anos. Almerinda entra no quarto. Na igreja, Dolores pede ao Padre Lupe que a ajude a anular seu casamento, pois se casou com um delinquente.<\/p>\n<p>(*) edi\u00e7\u00e3o do SBT, Novela \u201cAbismo da Paix\u00e3o\u201d, sujeito a altera\u00e7\u00e3o de data e conte\u00fado.<\/p>\n","protected":false},"excerpt":{"rendered":"<p>Novela \u201cAbismo da Paix\u00e3o\u201d resumo 29\/07:\u00a0Dami\u00e3o leva Lucio a um banco para depositar dinheiro em nome de Elisa, e depois pede ao senhor que jamais revele isso a Elisa. Lucio diz a Dami\u00e3o que espera que Elisa nunca os descubra, pois nunca os perdoaria. Mais tarde, L\u00facio procura Elisa na Fazenda Castanhon e diz que [&hellip;]<\/p>\n","protected":false},"author":4,"featured_media":81978,"comment_status":"open","ping_status":"closed","sticky":false,"template":"","format":"standard","meta":{"tdm_status":"","tdm_grid_status":"","footnotes":""},"categories":[379,372,343],"tags":[441],"class_list":{"0":"post-91490","1":"post","2":"type-post","3":"status-publish","4":"format-standard","5":"has-post-thumbnail","7":"category-novelas","8":"category-sbt","9":"category-televisao","10":"tag-resumo-do-dia"},"_links":{"self":[{"href":"https:\/\/migracao.redenoticia.com.br\/noticia\/wp-json\/wp\/v2\/posts\/91490","targetHints":{"allow":["GET"]}}],"collection":[{"href":"https:\/\/migracao.redenoticia.com.br\/noticia\/wp-json\/wp\/v2\/posts"}],"about":[{"href":"https:\/\/migracao.redenoticia.com.br\/noticia\/wp-json\/wp\/v2\/types\/post"}],"author":[{"embeddable":true,"href":"https:\/\/migracao.redenoticia.com.br\/noticia\/wp-json\/wp\/v2\/users\/4"}],"replies":[{"embeddable":true,"href":"https:\/\/migracao.redenoticia.com.br\/noticia\/wp-json\/wp\/v2\/comments?post=91490"}],"version-history":[{"count":0,"href":"https:\/\/migracao.redenoticia.com.br\/noticia\/wp-json\/wp\/v2\/posts\/91490\/revisions"}],"wp:featuredmedia":[{"embeddable":true,"href":"https:\/\/migracao.redenoticia.com.br\/noticia\/wp-json\/wp\/v2\/media\/81978"}],"wp:attachment":[{"href":"https:\/\/migracao.redenoticia.com.br\/noticia\/wp-json\/wp\/v2\/media?parent=91490"}],"wp:term":[{"taxonomy":"category","embeddable":true,"href":"https:\/\/migracao.redenoticia.com.br\/noticia\/wp-json\/wp\/v2\/categories?post=91490"},{"taxonomy":"post_tag","embeddable":true,"href":"https:\/\/migracao.redenoticia.com.br\/noticia\/wp-json\/wp\/v2\/tags?post=91490"}],"curies":[{"name":"wp","href":"https:\/\/api.w.org\/{rel}","templated":true}]}}