{"id":9152,"date":"2009-08-19T15:13:14","date_gmt":"2009-08-19T19:13:14","guid":{"rendered":"http:\/\/www.redenoticia.com.br\/noticia\/?p=9152"},"modified":"2009-08-20T17:08:22","modified_gmt":"2009-08-20T21:08:22","slug":"rede-record-nao-consegue-segurar-mae-de-carlinhos-e-de-dado-no-final-da-fazenda","status":"publish","type":"post","link":"https:\/\/migracao.redenoticia.com.br\/noticia\/2009\/rede-record-nao-consegue-segurar-mae-de-carlinhos-e-de-dado-no-final-da-fazenda\/9152","title":{"rendered":"Rede Record n\u00e3o consegue segurar m\u00e3e de Carlinhos e de Dado no final da Fazenda"},"content":{"rendered":"<p>A Rede Record est\u00e1 tendo que enfrentar uma situa\u00e7\u00e3o inesperada causada pelas m\u00e3es dos \u00faltimos participantes da Fazenda. A M\u00e3e de Carlinhos, em plena campanha para o filho, tem programas agendados at\u00e9 o final do reality, caso o Carlinhos permane\u00e7a na Fazenda depois da elimina\u00e7\u00e3o de hoje. A m\u00e3e de Dado, que participou do programa \u201cHoje em Dia\u201d da Rede Record, est\u00e1 em defesa e em campanha pelo filho, como fez desde o in\u00edcio, e j\u00e1 come\u00e7a a soltar farpas pelo oportunismo da m\u00e3e de Carlinhos.<\/p>\n<p>No meio da confus\u00e3o est\u00e1 a m\u00e3e de Danni, que tem comparecido em v\u00e1rios programas da Rede Record e nas elimina\u00e7\u00f5es da Fazenda, mas tem falado pouco pois sua filha n\u00e3o gera polemica. A produ\u00e7\u00e3o da Rede Record est\u00e1 se preparando, pois a qualquer momento pode rolar um barraco feio, principalmente se as m\u00e3es se encontrarem nesta noite de elimina\u00e7\u00e3o.<\/p>\n<p>Para aumentar o drama , agora apareceu tamb\u00e9m o suposto &#8220;pai&#8221; do Carlinhos, e a Rede Record divulgou que ele participar\u00e1 do programa Geraldo Brasil, nesta quinta-feira, para pedir perd\u00e3o ao filho.<\/p>\n<p>\u00a0O ponto positivo deste epis\u00f3dio \u00e9 que agora os programas da Rede Record, por conta do drama de viol\u00eancia vivido por Carlinhos da Fazenda com sua m\u00e3e e pai, passam a abordar com mais aten\u00e7\u00e3o o problema da viol\u00eancia na inf\u00e2ncia. Segundo levantamento da Secretaria de Estado da Sa\u00fade, 37,8% dos casos de viol\u00eancia atendidos nos servi\u00e7os p\u00fablicos de sa\u00fade do Estado de S\u00e3o Paulo referem-se a maus tratos contra crian\u00e7as e adolescentes menores de 18 anos. O estudo, que avaliou 3.111 ocorr\u00eancias de viol\u00eancia notificadas pelos servi\u00e7os entre janeiro e maio deste ano, tamb\u00e9m revela que 29,1% das v\u00edtimas s\u00e3o menores de 14 anos. As meninas representam a maioria dos atendimentos: cerca de 60% do total. Em 93% dos casos, o agressor da crian\u00e7a \u00e9 homem.\u00a0<\/p>\n<p>E com este atrito, a Rede Record d\u00e1 audi\u00eancia at\u00e9 para a concorrente. Com a apresenta\u00e7\u00e3o da m\u00e3e de Carlinhos da Fazenda, o programa &#8220;A Tarde \u00e9 Sua&#8221; da Rede TV! ,apresentado por Sonia Abr\u00e3o, deu pico de 6 pontos no ibope* e ficou em 2\u00ba lugar na audi\u00eancia da tarde por cerca de 15 minutos.<\/p>\n<p>Depois da apari\u00e7\u00e3o da m\u00e3es, provavelmente a Rede Record deve atingir mais um Record de Audi\u00eancia com a elimina\u00e7\u00e3o desta quarta, que ser\u00e1 transmitida ao vivo direto da Fazenda pelo apresentador Britto Jr.<\/p>\n<p>Fonte Rede Record, A Fazenda, Rede TV e Secretaria de Sa\u00fade de SP.<\/p>\n","protected":false},"excerpt":{"rendered":"<p>A Rede Record est\u00e1 tendo que enfrentar uma situa\u00e7\u00e3o inesperada causada pelas m\u00e3es dos \u00faltimos participantes da Fazenda. A M\u00e3e de Carlinhos, em plena campanha para o filho, tem programas agendados at\u00e9 o final do reality, caso o Carlinhos permane\u00e7a na Fazenda depois da elimina\u00e7\u00e3o de hoje. A m\u00e3e de Dado, que participou do programa [&hellip;]<\/p>\n","protected":false},"author":3,"featured_media":0,"comment_status":"open","ping_status":"open","sticky":false,"template":"","format":"standard","meta":{"tdm_status":"","tdm_grid_status":"","footnotes":""},"categories":[22,343],"tags":[],"class_list":{"0":"post-9152","1":"post","2":"type-post","3":"status-publish","4":"format-standard","6":"category-brasil","7":"category-televisao"},"_links":{"self":[{"href":"https:\/\/migracao.redenoticia.com.br\/noticia\/wp-json\/wp\/v2\/posts\/9152","targetHints":{"allow":["GET"]}}],"collection":[{"href":"https:\/\/migracao.redenoticia.com.br\/noticia\/wp-json\/wp\/v2\/posts"}],"about":[{"href":"https:\/\/migracao.redenoticia.com.br\/noticia\/wp-json\/wp\/v2\/types\/post"}],"author":[{"embeddable":true,"href":"https:\/\/migracao.redenoticia.com.br\/noticia\/wp-json\/wp\/v2\/users\/3"}],"replies":[{"embeddable":true,"href":"https:\/\/migracao.redenoticia.com.br\/noticia\/wp-json\/wp\/v2\/comments?post=9152"}],"version-history":[{"count":0,"href":"https:\/\/migracao.redenoticia.com.br\/noticia\/wp-json\/wp\/v2\/posts\/9152\/revisions"}],"wp:attachment":[{"href":"https:\/\/migracao.redenoticia.com.br\/noticia\/wp-json\/wp\/v2\/media?parent=9152"}],"wp:term":[{"taxonomy":"category","embeddable":true,"href":"https:\/\/migracao.redenoticia.com.br\/noticia\/wp-json\/wp\/v2\/categories?post=9152"},{"taxonomy":"post_tag","embeddable":true,"href":"https:\/\/migracao.redenoticia.com.br\/noticia\/wp-json\/wp\/v2\/tags?post=9152"}],"curies":[{"name":"wp","href":"https:\/\/api.w.org\/{rel}","templated":true}]}}