{"id":9155,"date":"2009-08-19T15:16:53","date_gmt":"2009-08-19T19:16:53","guid":{"rendered":"http:\/\/www.redenoticia.com.br\/noticia\/?p=9155"},"modified":"2009-08-19T15:16:53","modified_gmt":"2009-08-19T19:16:53","slug":"lei-de-adocao-em-discussao-no-canal-saude-interativo","status":"publish","type":"post","link":"https:\/\/migracao.redenoticia.com.br\/noticia\/2009\/lei-de-adocao-em-discussao-no-canal-saude-interativo\/9155","title":{"rendered":"Lei de ado\u00e7\u00e3o em discuss\u00e3o no canal sa\u00fade interativo"},"content":{"rendered":"<p>A prioridade da Lei \u00e9 o direito da crian\u00e7a e do adolescente \u00e0 conviv\u00eancia familiar, mas Justi\u00e7a e sociedade est\u00e3o preparadas para cumprir esse desafio da melhor maneira, a partir das novas regras da Lei de Ado\u00e7\u00e3o? Veja o que muda para as crian\u00e7as nos abrigos e para os interessados em adotar uma crian\u00e7a. Participe do debate no Sala de Convidados, do Canal Sa\u00fade\/Fiocruz, sexta (21), \u00e0s 13h.<\/p>\n<p>No programa Sala de Convidados, o p\u00fablico participa ao vivo pela WEB www.canalsaude.fiocruz.br, no chat, ou assistindo pela NBR e ligando 0800 701 8122.<br \/>\nSe preferir, antecipe a participa\u00e7\u00e3o pelo canal@fiocruz.br<\/p>\n<p>Convidados &#8211; para debater o tema com telespectadores e internautas, estar\u00e3o no est\u00fadio representantes da Associa\u00e7\u00e3o de Magistrados Brasileiros, de abrigos, psic\u00f3logos e advogados.<\/p>\n<p>Mudan\u00e7as &#8211; J\u00e1 sancionada, a nova Lei de Ado\u00e7\u00e3o prev\u00ea que a perman\u00eancia de crian\u00e7as e adolescentes em programas de acolhimento familiar ou institucional n\u00e3o dever\u00e1 se prolongar por mais de dois anos. E a cada seis meses, a situa\u00e7\u00e3o dever\u00e1 ser reavaliada. Um dos pontos pol\u00eamicos est\u00e1 no apoio que a nova lei prev\u00ea para gestantes ou m\u00e3es que manifestem interesse em entregar seus filhos para ado\u00e7\u00e3o, oferecendo assist\u00eancia durante o per\u00edodo pr\u00e9 e p\u00f3s-natal.<\/p>\n<p>De acordo com dados do Cadastro Nacional de Ado\u00e7\u00e3o, h\u00e1 mais de 22 mil pais potenciais, sendo que 78% s\u00f3 aceitam crian\u00e7as entre 0 e 3 anos; 82% n\u00e3o aceitam adotar irm\u00e3os; 33% s\u00f3 aceitam meninas; e 42% s\u00f3 aceitam crian\u00e7as brancas. Do outro lado, no cadastro, cerca de 30% das crian\u00e7as possuem irm\u00e3os registrados; 45% s\u00e3o meninas e 37% s\u00e3o brancas. (Fonte: Associa\u00e7\u00e3o dos Magistrados Brasileiros).<\/p>\n<p>Participe ao vivo com sua opini\u00e3o. At\u00e9 l\u00e1!<\/p>\n<p>\u00a0Onde ver &#8211; Para saber como assistir a NBR na sua cidade ou obter mais informa\u00e7\u00f5es sobre a NBR, acesse http:\/\/www.ebcservicos.ebc.com.br\/veiculos\/nbr Para assistir no site do Canal Sa\u00fade, acesse , clique na TV com a inscri\u00e7\u00e3o &#8220;ao vivo&#8221; e participe a partir do chat associado \u00e0 transmiss\u00e3o. Se preferir, antecipe suas perguntas: canal@fiocruz.br. O Sala de Convidados \u00e9 apresentado por Renato Farias.<\/p>\n","protected":false},"excerpt":{"rendered":"<p>A prioridade da Lei \u00e9 o direito da crian\u00e7a e do adolescente \u00e0 conviv\u00eancia familiar, mas Justi\u00e7a e sociedade est\u00e3o preparadas para cumprir esse desafio da melhor maneira, a partir das novas regras da Lei de Ado\u00e7\u00e3o? Veja o que muda para as crian\u00e7as nos abrigos e para os interessados em adotar uma crian\u00e7a. Participe [&hellip;]<\/p>\n","protected":false},"author":3,"featured_media":0,"comment_status":"open","ping_status":"open","sticky":false,"template":"","format":"standard","meta":{"tdm_status":"","tdm_grid_status":"","footnotes":""},"categories":[22,343],"tags":[],"class_list":{"0":"post-9155","1":"post","2":"type-post","3":"status-publish","4":"format-standard","6":"category-brasil","7":"category-televisao"},"_links":{"self":[{"href":"https:\/\/migracao.redenoticia.com.br\/noticia\/wp-json\/wp\/v2\/posts\/9155","targetHints":{"allow":["GET"]}}],"collection":[{"href":"https:\/\/migracao.redenoticia.com.br\/noticia\/wp-json\/wp\/v2\/posts"}],"about":[{"href":"https:\/\/migracao.redenoticia.com.br\/noticia\/wp-json\/wp\/v2\/types\/post"}],"author":[{"embeddable":true,"href":"https:\/\/migracao.redenoticia.com.br\/noticia\/wp-json\/wp\/v2\/users\/3"}],"replies":[{"embeddable":true,"href":"https:\/\/migracao.redenoticia.com.br\/noticia\/wp-json\/wp\/v2\/comments?post=9155"}],"version-history":[{"count":0,"href":"https:\/\/migracao.redenoticia.com.br\/noticia\/wp-json\/wp\/v2\/posts\/9155\/revisions"}],"wp:attachment":[{"href":"https:\/\/migracao.redenoticia.com.br\/noticia\/wp-json\/wp\/v2\/media?parent=9155"}],"wp:term":[{"taxonomy":"category","embeddable":true,"href":"https:\/\/migracao.redenoticia.com.br\/noticia\/wp-json\/wp\/v2\/categories?post=9155"},{"taxonomy":"post_tag","embeddable":true,"href":"https:\/\/migracao.redenoticia.com.br\/noticia\/wp-json\/wp\/v2\/tags?post=9155"}],"curies":[{"name":"wp","href":"https:\/\/api.w.org\/{rel}","templated":true}]}}