{"id":917,"date":"2009-04-27T15:28:10","date_gmt":"2009-04-27T19:28:10","guid":{"rendered":"http:\/\/www.redenoticia.com.br\/noticia\/?p=917"},"modified":"2009-04-27T15:34:34","modified_gmt":"2009-04-27T19:34:34","slug":"estadual-de-futsal-sub20","status":"publish","type":"post","link":"https:\/\/migracao.redenoticia.com.br\/noticia\/2009\/estadual-de-futsal-sub20\/917","title":{"rendered":"Estadual de Futsal Sub20"},"content":{"rendered":"<p class=\"MsoNormal\"><span style=\"font-family: Arial;\">Segundo informa\u00e7\u00e3o do Biro Biro, secret\u00e1rio municipal de esportes de Ji-Paran\u00e1, ser\u00e1 realizado dias <\/span><span style=\"font-family: Arial;\">29, 30 e 01 o &#8220;<\/span><span style=\"font-family: Arial;\">Campeonato Estadual de Futsal Sub20&#8243;.<\/span><\/p>\n<p class=\"MsoNormal\"><span style=\"font-family: Arial;\">Equipes de diversas cidades de Rond\u00f4nia estar\u00e3o jogando no gin\u00e1sio de esportes Gerivaldo Jos\u00e9 de Souza, o Gerivald\u00e3o.<\/span><\/p>\n<p class=\"MsoNormal\"><span style=\"font-family: Arial;\">A realiza\u00e7\u00e3o deste campeonato \u00e9 mais um atrativo entre as diversas atividades programadas pela secretaria, para comemora\u00e7\u00e3o do dia do trabalhador.<\/span><\/p>\n<p class=\"MsoNormal\"><span style=\"font-family: Arial;\"><br \/>\n<\/span><\/p>\n<p class=\"MsoNormal\">\n<p class=\"MsoNormal\">\n","protected":false},"excerpt":{"rendered":"<p>Segundo informa\u00e7\u00e3o do Biro Biro, secret\u00e1rio municipal de esportes de Ji-Paran\u00e1, ser\u00e1 realizado dias 29, 30 e 01 o &#8220;Campeonato Estadual de Futsal Sub20&#8243;. Equipes de diversas cidades de Rond\u00f4nia estar\u00e3o jogando no gin\u00e1sio de esportes Gerivaldo Jos\u00e9 de Souza, o Gerivald\u00e3o. A realiza\u00e7\u00e3o deste campeonato \u00e9 mais um atrativo entre as diversas atividades programadas [&hellip;]<\/p>\n","protected":false},"author":3,"featured_media":0,"comment_status":"open","ping_status":"open","sticky":false,"template":"","format":"standard","meta":{"tdm_status":"","tdm_grid_status":"","footnotes":""},"categories":[22],"tags":[],"class_list":{"0":"post-917","1":"post","2":"type-post","3":"status-publish","4":"format-standard","6":"category-brasil"},"_links":{"self":[{"href":"https:\/\/migracao.redenoticia.com.br\/noticia\/wp-json\/wp\/v2\/posts\/917","targetHints":{"allow":["GET"]}}],"collection":[{"href":"https:\/\/migracao.redenoticia.com.br\/noticia\/wp-json\/wp\/v2\/posts"}],"about":[{"href":"https:\/\/migracao.redenoticia.com.br\/noticia\/wp-json\/wp\/v2\/types\/post"}],"author":[{"embeddable":true,"href":"https:\/\/migracao.redenoticia.com.br\/noticia\/wp-json\/wp\/v2\/users\/3"}],"replies":[{"embeddable":true,"href":"https:\/\/migracao.redenoticia.com.br\/noticia\/wp-json\/wp\/v2\/comments?post=917"}],"version-history":[{"count":0,"href":"https:\/\/migracao.redenoticia.com.br\/noticia\/wp-json\/wp\/v2\/posts\/917\/revisions"}],"wp:attachment":[{"href":"https:\/\/migracao.redenoticia.com.br\/noticia\/wp-json\/wp\/v2\/media?parent=917"}],"wp:term":[{"taxonomy":"category","embeddable":true,"href":"https:\/\/migracao.redenoticia.com.br\/noticia\/wp-json\/wp\/v2\/categories?post=917"},{"taxonomy":"post_tag","embeddable":true,"href":"https:\/\/migracao.redenoticia.com.br\/noticia\/wp-json\/wp\/v2\/tags?post=917"}],"curies":[{"name":"wp","href":"https:\/\/api.w.org\/{rel}","templated":true}]}}