{"id":91732,"date":"2016-08-01T21:00:30","date_gmt":"2016-08-02T00:00:30","guid":{"rendered":"http:\/\/www.redenoticia.com.br\/noticia\/?p=91732"},"modified":"2016-08-01T17:21:12","modified_gmt":"2016-08-01T20:21:12","slug":"novela-velho-chico-resumo-0208-santo-ate-pensa-em-aceitar-a-proposta-financeira-de-afranio","status":"publish","type":"post","link":"https:\/\/migracao.redenoticia.com.br\/noticia\/2016\/novela-velho-chico-resumo-0208-santo-ate-pensa-em-aceitar-a-proposta-financeira-de-afranio\/91732","title":{"rendered":"Novela \u201cVelho Chico\u201d resumo 02\/08: Santo pensa em aceitar a proposta de Afr\u00e2nio"},"content":{"rendered":"<p><img loading=\"lazy\" decoding=\"async\" class=\"alignleft size-thumbnail wp-image-82169\" src=\"https:\/\/migracao.redenoticia.com.br\/noticia\/imagens\/velho_chico_novela_resumo_globo-150x112.jpg\" alt=\"velho_chico_novela_resumo_globo\" width=\"150\" height=\"112\" srcset=\"https:\/\/migracao.redenoticia.com.br\/noticia\/imagens\/velho_chico_novela_resumo_globo-150x112.jpg 150w, https:\/\/migracao.redenoticia.com.br\/noticia\/imagens\/velho_chico_novela_resumo_globo-265x198.jpg 265w\" sizes=\"auto, (max-width: 150px) 100vw, 150px\" \/><strong><em>Novela \u201cVelho Chico\u201d resumo 02\/08<\/em><\/strong>:\u00a0Santo sempre fez de tudo pela fam\u00edlia e pelo trabalho. Agora, como a cooperativa esta a passar por dificuldades, ele n\u00e3o esconde a tristeza de Ol\u00edvia e Miguel e desabafa com os dois, que tentam acalm\u00e1-lo. Mas n\u00e3o tem jeito, o produtor rural lamenta toda a situa\u00e7\u00e3o e fica mais chateado ao perceber que fam\u00edlias honestas v\u00e3o ser prejudicadas. Ol\u00edvia e Miguel lamentam a situa\u00e7\u00e3o. Mais tarde, Miguel e Ol\u00edvia s\u00e3o surpreendidos por\u00a0Afr\u00e2nio. O agr\u00f4nomo n\u00e3o gosta de ver o av\u00f4 por ali e o enfrenta. O coronel n\u00e3o gosta da ousadia do neto, e eles acabam por engatar uma discuss\u00e3o. Quando Miguel tenta partir para cima do Saru\u00ea, Santo chega e termina a conversa com o rival. Desolado, Santo pensa em aceitar a proposta financeira de Afr\u00e2nio, mas eles recebem uma liga\u00e7\u00e3o internacional que pode ser a grande chance de recupera\u00e7\u00e3o da cooperativa.<\/p>\n<p>No cap\u00edtulo 122(*), novela \u201cVelho Chico\u201d, ter\u00e7a-feira, 02 de agosto \u2013 Beatriz questiona Bento sobre sua rela\u00e7\u00e3o com Martim. Luzia rejeita as investidas de Carlos. Tereza garante a C\u00edcero que n\u00e3o deixar\u00e1 a fazenda. Dalva questiona C\u00edcero sobre seus sentimentos por ela.<\/p>\n<p>Isabel insinua que Sophie est\u00e1 interessada em Lucas. Afr\u00e2nio visita a cooperativa e enfrenta Santo e Miguel. Luzia afirma a Piedade que prefere que a cooperativa v\u00e1 \u00e0 fal\u00eancia para que ela n\u00e3o tenha que se separar de Santo. Iolanda revela a Ol\u00edvia o que viu sobre o futuro da menina.<\/p>\n<p>Santo pensa em aceitar a proposta financeira de Afr\u00e2nio. Carlos provoca C\u00edcero, que considera eliminar Santo. Bento, Santo, Miguel e Lucas tentam encontrar uma sa\u00edda para a cooperativa, quando recebem uma liga\u00e7\u00e3o.<\/p>\n<p>(*) edi\u00e7\u00e3o da Rede Globo, Novela \u201cVelho Chico\u201d, sujeito a altera\u00e7\u00e3o de data e conte\u00fado.<\/p>\n","protected":false},"excerpt":{"rendered":"<p>Novela \u201cVelho Chico\u201d resumo 02\/08:\u00a0Santo sempre fez de tudo pela fam\u00edlia e pelo trabalho. Agora, como a cooperativa esta a passar por dificuldades, ele n\u00e3o esconde a tristeza de Ol\u00edvia e Miguel e desabafa com os dois, que tentam acalm\u00e1-lo. Mas n\u00e3o tem jeito, o produtor rural lamenta toda a situa\u00e7\u00e3o e fica mais chateado [&hellip;]<\/p>\n","protected":false},"author":4,"featured_media":82169,"comment_status":"open","ping_status":"closed","sticky":false,"template":"","format":"standard","meta":{"tdm_status":"","tdm_grid_status":"","footnotes":""},"categories":[379,375,343],"tags":[441],"class_list":{"0":"post-91732","1":"post","2":"type-post","3":"status-publish","4":"format-standard","5":"has-post-thumbnail","7":"category-novelas","8":"category-rede-globo","9":"category-televisao","10":"tag-resumo-do-dia"},"_links":{"self":[{"href":"https:\/\/migracao.redenoticia.com.br\/noticia\/wp-json\/wp\/v2\/posts\/91732","targetHints":{"allow":["GET"]}}],"collection":[{"href":"https:\/\/migracao.redenoticia.com.br\/noticia\/wp-json\/wp\/v2\/posts"}],"about":[{"href":"https:\/\/migracao.redenoticia.com.br\/noticia\/wp-json\/wp\/v2\/types\/post"}],"author":[{"embeddable":true,"href":"https:\/\/migracao.redenoticia.com.br\/noticia\/wp-json\/wp\/v2\/users\/4"}],"replies":[{"embeddable":true,"href":"https:\/\/migracao.redenoticia.com.br\/noticia\/wp-json\/wp\/v2\/comments?post=91732"}],"version-history":[{"count":0,"href":"https:\/\/migracao.redenoticia.com.br\/noticia\/wp-json\/wp\/v2\/posts\/91732\/revisions"}],"wp:featuredmedia":[{"embeddable":true,"href":"https:\/\/migracao.redenoticia.com.br\/noticia\/wp-json\/wp\/v2\/media\/82169"}],"wp:attachment":[{"href":"https:\/\/migracao.redenoticia.com.br\/noticia\/wp-json\/wp\/v2\/media?parent=91732"}],"wp:term":[{"taxonomy":"category","embeddable":true,"href":"https:\/\/migracao.redenoticia.com.br\/noticia\/wp-json\/wp\/v2\/categories?post=91732"},{"taxonomy":"post_tag","embeddable":true,"href":"https:\/\/migracao.redenoticia.com.br\/noticia\/wp-json\/wp\/v2\/tags?post=91732"}],"curies":[{"name":"wp","href":"https:\/\/api.w.org\/{rel}","templated":true}]}}