{"id":91740,"date":"2016-08-01T19:45:17","date_gmt":"2016-08-01T22:45:17","guid":{"rendered":"http:\/\/www.redenoticia.com.br\/noticia\/?p=91740"},"modified":"2016-08-01T17:17:58","modified_gmt":"2016-08-01T20:17:58","slug":"novela-carrossel-resumo-0208-mario-nao-se-conforma-em-ver-rabito-desanimado","status":"publish","type":"post","link":"https:\/\/migracao.redenoticia.com.br\/noticia\/2016\/novela-carrossel-resumo-0208-mario-nao-se-conforma-em-ver-rabito-desanimado\/91740","title":{"rendered":"Novela \u201cCarrossel\u201d resumo 02\/08: M\u00e1rio manda Rabito ter bons modos"},"content":{"rendered":"<p><img loading=\"lazy\" decoding=\"async\" class=\"alignleft size-thumbnail wp-image-82147\" src=\"https:\/\/migracao.redenoticia.com.br\/noticia\/imagens\/Carrossel_resumo_novela_sbt-150x112.jpg\" alt=\"Carrossel_resumo_novela_sbt\" width=\"150\" height=\"112\" srcset=\"https:\/\/migracao.redenoticia.com.br\/noticia\/imagens\/Carrossel_resumo_novela_sbt-150x112.jpg 150w, https:\/\/migracao.redenoticia.com.br\/noticia\/imagens\/Carrossel_resumo_novela_sbt-265x198.jpg 265w\" sizes=\"auto, (max-width: 150px) 100vw, 150px\" \/><strong><em>Novela \u201cCarrossel\u201d resumo 02\/08<\/em><\/strong>:\u00a0a fuga de Rabito e Maria Antonieta ajuda Cirilo e Maria Joaquina a se aproximarem. Eles conversam mais e a garota \u00e9 at\u00e9 gentil com ele, tanto que ao se despedirem eles se abra\u00e7am. Em compensa\u00e7\u00e3o, Jorge fica irritado ao ver Maria Antonieta com Rabito. Ele e M\u00e1rio discutem, pois Jorge destrata seu cachorro. M\u00e1rio n\u00e3o se conforma em ver Rabito desanimado e resolve procurar Jorge. Decidido, M\u00e1rio diz ao garoto que precisam tomar uma decis\u00e3o em rela\u00e7\u00e3o aos seus cachorros. Mas, Jorge n\u00e3o quer que sua mascote se envolva com Rabito. Ent\u00e3o, M\u00e1rio volta para casa e explica ao seu cachorro que, para continuar a se encontrar com Maria Antonieta, ele deve ter bons modos, do contr\u00e1rio, Jorge vai proibir a visita dele.<\/p>\n<p>No cap\u00edtulo 362 (*), novela \u201cCarrossel\u201d, ter\u00e7a-feira, 02 de agosto \u2013 Cirilo chega em casa abismado com a atitude de Maria Joaquina. O garoto acaba dormindo no sof\u00e1 e sonha com a amada. Em seu sonho, Cirilo \u00e9 acordado por seus pais, que o avisam que tem um caminh\u00e3o de mudan\u00e7a em frente da casa de Maria Joaquina.<\/p>\n<p>Desesperado, Cirilo vai ao encontro de sua amada que diz que ir\u00e1 se mudar por n\u00e3o aguentar mais ser sua vizinha. Ao acordar, o garoto se sente aliviado por ter sido apenas um sonho. Nat\u00e1lia fica aliviada pela volta de Rabito, mas percebe que o cachorro est\u00e1 desanimado. M\u00e1rio desconfia que seu mascote esteja apaixonado.<\/p>\n<p>O garoto vai \u00e0 casa de Jorge. Rosana fica irritada pela presen\u00e7a de M\u00e1rio. O riquinho manda dizer que ele n\u00e3o est\u00e1 e Alberto recrimina a atitude de seu filho. M\u00e1rio est\u00e1 decidido que ele e Jorge precisam tomar uma decis\u00e3o em rela\u00e7\u00e3o aos seus cachorros.<\/p>\n<p>(*) edi\u00e7\u00e3o do SBT, Novela \u201cCarrossel\u201d, sujeito a altera\u00e7\u00e3o de data e conte\u00fado.<\/p>\n","protected":false},"excerpt":{"rendered":"<p>Novela \u201cCarrossel\u201d resumo 02\/08:\u00a0a fuga de Rabito e Maria Antonieta ajuda Cirilo e Maria Joaquina a se aproximarem. Eles conversam mais e a garota \u00e9 at\u00e9 gentil com ele, tanto que ao se despedirem eles se abra\u00e7am. Em compensa\u00e7\u00e3o, Jorge fica irritado ao ver Maria Antonieta com Rabito. Ele e M\u00e1rio discutem, pois Jorge destrata [&hellip;]<\/p>\n","protected":false},"author":4,"featured_media":82147,"comment_status":"open","ping_status":"closed","sticky":false,"template":"","format":"standard","meta":{"tdm_status":"","tdm_grid_status":"","footnotes":""},"categories":[379,372,343],"tags":[441],"class_list":{"0":"post-91740","1":"post","2":"type-post","3":"status-publish","4":"format-standard","5":"has-post-thumbnail","7":"category-novelas","8":"category-sbt","9":"category-televisao","10":"tag-resumo-do-dia"},"_links":{"self":[{"href":"https:\/\/migracao.redenoticia.com.br\/noticia\/wp-json\/wp\/v2\/posts\/91740","targetHints":{"allow":["GET"]}}],"collection":[{"href":"https:\/\/migracao.redenoticia.com.br\/noticia\/wp-json\/wp\/v2\/posts"}],"about":[{"href":"https:\/\/migracao.redenoticia.com.br\/noticia\/wp-json\/wp\/v2\/types\/post"}],"author":[{"embeddable":true,"href":"https:\/\/migracao.redenoticia.com.br\/noticia\/wp-json\/wp\/v2\/users\/4"}],"replies":[{"embeddable":true,"href":"https:\/\/migracao.redenoticia.com.br\/noticia\/wp-json\/wp\/v2\/comments?post=91740"}],"version-history":[{"count":0,"href":"https:\/\/migracao.redenoticia.com.br\/noticia\/wp-json\/wp\/v2\/posts\/91740\/revisions"}],"wp:featuredmedia":[{"embeddable":true,"href":"https:\/\/migracao.redenoticia.com.br\/noticia\/wp-json\/wp\/v2\/media\/82147"}],"wp:attachment":[{"href":"https:\/\/migracao.redenoticia.com.br\/noticia\/wp-json\/wp\/v2\/media?parent=91740"}],"wp:term":[{"taxonomy":"category","embeddable":true,"href":"https:\/\/migracao.redenoticia.com.br\/noticia\/wp-json\/wp\/v2\/categories?post=91740"},{"taxonomy":"post_tag","embeddable":true,"href":"https:\/\/migracao.redenoticia.com.br\/noticia\/wp-json\/wp\/v2\/tags?post=91740"}],"curies":[{"name":"wp","href":"https:\/\/api.w.org\/{rel}","templated":true}]}}