{"id":91742,"date":"2016-08-01T19:30:21","date_gmt":"2016-08-01T22:30:21","guid":{"rendered":"http:\/\/www.redenoticia.com.br\/noticia\/?p=91742"},"modified":"2016-08-01T17:16:11","modified_gmt":"2016-08-01T20:16:11","slug":"novela-cumplices-de-um-resgate-resumo-0208-teo-diz-para-isabela-que-sentiu-muito-a-falta-dela","status":"publish","type":"post","link":"https:\/\/migracao.redenoticia.com.br\/noticia\/2016\/novela-cumplices-de-um-resgate-resumo-0208-teo-diz-para-isabela-que-sentiu-muito-a-falta-dela\/91742","title":{"rendered":"Novela \u201cC\u00famplices de um Resgate\u201d resumo 02\/08: Vicente passa mal"},"content":{"rendered":"<p><img loading=\"lazy\" decoding=\"async\" class=\"alignleft size-thumbnail wp-image-71351\" src=\"https:\/\/migracao.redenoticia.com.br\/noticia\/imagens\/cumplices_de_um_resgate_sbt_novela_resumo-150x112.jpg\" alt=\"cumplices_de_um_resgate_sbt_novela_resumo\" width=\"150\" height=\"112\" srcset=\"https:\/\/migracao.redenoticia.com.br\/noticia\/imagens\/cumplices_de_um_resgate_sbt_novela_resumo-150x112.jpg 150w, https:\/\/migracao.redenoticia.com.br\/noticia\/imagens\/cumplices_de_um_resgate_sbt_novela_resumo-265x198.jpg 265w\" sizes=\"auto, (max-width: 150px) 100vw, 150px\" \/><strong><em>Novela \u201cC\u00famplices de um Resgate\u201d resumo 02\/08<\/em><\/strong>: Ot\u00e1vio leva Isabela at\u00e9 Rebeca. T\u00e9o, D\u00f3ris e Mateus v\u00e3o \u00e0 casa de Rebeca dar as boas-vindas \u00e0 amiga. Isabela diz para Rebeca que pensou que tinha sido abandonada por ela, e que tinha medo de perder sua heran\u00e7a. A not\u00edcia se espalha pelo vilarejo e todos v\u00e3o \u00e0 casa de Rebeca ver as g\u00eameas. Mais tarde, Isabela leva Tuntum para Mateus. T\u00e9o diz para Isabela que sentiu muito a falta dela. Isabela fica incomodada ao pensar na possibilidade de se mudar para o vilarejo.<\/p>\n<p>No cap\u00edtulo 262(*), novela \u201cC\u00famplice de um Resgate\u201d, ter\u00e7a-feira, 02 de agosto \u2013 T\u00e9o, D\u00f3ris e Mateus v\u00e3o \u00e0 casa de Rebeca dar as boas-vindas a Isabela. A not\u00edcia se espalha pelo vilarejo. Quando Augusto lhe conta a not\u00edcia, Lutero fica aliviado, pois n\u00e3o precisar\u00e1 deixar de ser padre. Isabela diz para Rebeca que pensou que tinha sido abandonada por ela e que tinha medo de perder sua heran\u00e7a.<\/p>\n<p>Todos do vilarejo v\u00e3o a casa de Rebeca ver as g\u00eameas. Fred liga para Laura e diz que ela foi escolhida para ser modelo. Vicente passa mal e Sandro avisa os policiais. Arthur diz para as crian\u00e7as que os ensaios ser\u00e3o suspensos at\u00e9 que a gravadora se recupere. Omar tenta falar com Benjamin, mas o garoto o ignora. Sabrina fica chateada por ningu\u00e9m ter contado a ela a hist\u00f3ria das g\u00eameas.<\/p>\n<p>Isabela leva Tuntum para Mateus. Isabela fica incomodada ao pensar na possibilidade de se mudar para o vilarejo. Os meninos da C1R pensam em uma forma de salvar a banda. T\u00e9o diz para Isabela que sentiu muito a falta dela. Flora devolve o dinheiro para Tomas. Tomas diz que se ela n\u00e3o aceitar sua proposta ela ser\u00e1 demitida.<\/p>\n<p>(*) edi\u00e7\u00e3o do SBT, Novela \u201cC\u00famplices de um Resgate\u201d, sujeito a altera\u00e7\u00e3o de data e conte\u00fado.<\/p>\n","protected":false},"excerpt":{"rendered":"<p>Novela \u201cC\u00famplices de um Resgate\u201d resumo 02\/08: Ot\u00e1vio leva Isabela at\u00e9 Rebeca. T\u00e9o, D\u00f3ris e Mateus v\u00e3o \u00e0 casa de Rebeca dar as boas-vindas \u00e0 amiga. Isabela diz para Rebeca que pensou que tinha sido abandonada por ela, e que tinha medo de perder sua heran\u00e7a. A not\u00edcia se espalha pelo vilarejo e todos v\u00e3o [&hellip;]<\/p>\n","protected":false},"author":4,"featured_media":71351,"comment_status":"open","ping_status":"closed","sticky":false,"template":"","format":"standard","meta":{"tdm_status":"","tdm_grid_status":"","footnotes":""},"categories":[379,372,343],"tags":[441],"class_list":{"0":"post-91742","1":"post","2":"type-post","3":"status-publish","4":"format-standard","5":"has-post-thumbnail","7":"category-novelas","8":"category-sbt","9":"category-televisao","10":"tag-resumo-do-dia"},"_links":{"self":[{"href":"https:\/\/migracao.redenoticia.com.br\/noticia\/wp-json\/wp\/v2\/posts\/91742","targetHints":{"allow":["GET"]}}],"collection":[{"href":"https:\/\/migracao.redenoticia.com.br\/noticia\/wp-json\/wp\/v2\/posts"}],"about":[{"href":"https:\/\/migracao.redenoticia.com.br\/noticia\/wp-json\/wp\/v2\/types\/post"}],"author":[{"embeddable":true,"href":"https:\/\/migracao.redenoticia.com.br\/noticia\/wp-json\/wp\/v2\/users\/4"}],"replies":[{"embeddable":true,"href":"https:\/\/migracao.redenoticia.com.br\/noticia\/wp-json\/wp\/v2\/comments?post=91742"}],"version-history":[{"count":0,"href":"https:\/\/migracao.redenoticia.com.br\/noticia\/wp-json\/wp\/v2\/posts\/91742\/revisions"}],"wp:featuredmedia":[{"embeddable":true,"href":"https:\/\/migracao.redenoticia.com.br\/noticia\/wp-json\/wp\/v2\/media\/71351"}],"wp:attachment":[{"href":"https:\/\/migracao.redenoticia.com.br\/noticia\/wp-json\/wp\/v2\/media?parent=91742"}],"wp:term":[{"taxonomy":"category","embeddable":true,"href":"https:\/\/migracao.redenoticia.com.br\/noticia\/wp-json\/wp\/v2\/categories?post=91742"},{"taxonomy":"post_tag","embeddable":true,"href":"https:\/\/migracao.redenoticia.com.br\/noticia\/wp-json\/wp\/v2\/tags?post=91742"}],"curies":[{"name":"wp","href":"https:\/\/api.w.org\/{rel}","templated":true}]}}