{"id":91755,"date":"2016-08-01T20:12:12","date_gmt":"2016-08-01T23:12:12","guid":{"rendered":"http:\/\/www.redenoticia.com.br\/noticia\/?p=91755"},"modified":"2016-08-01T16:21:04","modified_gmt":"2016-08-01T19:21:04","slug":"novela-sila-resumo-0208-esma-manda-foto-de-boran-e-zeinef-para-sila","status":"publish","type":"post","link":"https:\/\/migracao.redenoticia.com.br\/noticia\/2016\/novela-sila-resumo-0208-esma-manda-foto-de-boran-e-zeinef-para-sila\/91755","title":{"rendered":"Novela \u201cSila\u201d resumo 02\/08: Esma manda foto de Boran e Zeinef para Sila"},"content":{"rendered":"<p> <img loading=\"lazy\" decoding=\"async\" class=\"alignleft size-thumbnail wp-image-83098\" src=\"https:\/\/migracao.redenoticia.com.br\/noticia\/imagens\/sila_band_novela_resumo_capitulo-150x112.jpg\" alt=\"sila_band_novela_resumo_capitulo\" width=\"150\" height=\"112\" srcset=\"https:\/\/migracao.redenoticia.com.br\/noticia\/imagens\/sila_band_novela_resumo_capitulo-150x112.jpg 150w, https:\/\/migracao.redenoticia.com.br\/noticia\/imagens\/sila_band_novela_resumo_capitulo-265x198.jpg 265w\" sizes=\"auto, (max-width: 150px) 100vw, 150px\" \/><strong><em> Novela \u201cSila\u201d resumo 02\/08<\/em><\/strong>: Zeinef, a m\u00e9dica de Boran, janta com a fam\u00edlia e tenta se aproximar mais de seu paciente. Narin se incomoda com as atitudes da m\u00e9dica e Sila sente ci\u00fames. Zeinef faz perguntas sobre a intimidade de Sila e Boran e eles estranham. Depois do jantar, Esma v\u00ea Boran e Zeinef juntos em uma loja e manda uma foto para Sila. <\/p>\n<p>No capitulo 109(*), novela \u201cSila\u201d, ter\u00e7a-feira, 02 de agosto &#8211; a pol\u00edcia prende o assassino de Boran e ele confessa que o mandante \u00e9 Ahmet. Celil vende as joias de Bedar para pagar o tratamento dela. Ahmet e Boran se encontram. A m\u00e9dica vai visitar Boran em casa e janta com a fam\u00edlia.<\/p>\n<p> Narin se incomoda com as atitudes de Zeinef, a m\u00e9dica de Boran. Sila sente ci\u00fames da m\u00e9dica. Bedar e Celil mudam de casa com a fam\u00edlia. Zeinef faz perguntas sobre a intimidade de Sila e Boran. Dilaver e Esma mudam as regras da empresa de Sila e ela fica furiosa. Dilaver e Zinar se sentem amea\u00e7ados. Eles acreditam que devem cumprir com o julgamento e morte de Sila.<\/p>\n<p> Esma v\u00ea Boran e Zeinef juntos em uma loja e manda uma foto para Sila. Dilan come\u00e7a a namorar escondido. Kevser e Firuz chegam a Istambul. Bedirhan tem febre e Sila se preocupa com a sa\u00fade do filho. Sila fica com muito ciume porque recebeu uma fotografia de Boran com outra mulher. Boran leva Sila para jantar e comemorar seu anivers\u00e1rio. No local ela recebe uma grande surpresa.<\/p>\n<p>(*) edi\u00e7\u00e3o da Band, Novela \u201cSila\u201d, sujeito a altera\u00e7\u00e3o de data e conte\u00fado. <\/p>\n","protected":false},"excerpt":{"rendered":"<p>Novela \u201cSila\u201d resumo 02\/08: Zeinef, a m\u00e9dica de Boran, janta com a fam\u00edlia e tenta se aproximar mais de seu paciente. Narin se incomoda com as atitudes da m\u00e9dica e Sila sente ci\u00fames. Zeinef faz perguntas sobre a intimidade de Sila e Boran e eles estranham. Depois do jantar, Esma v\u00ea Boran e Zeinef juntos [&hellip;]<\/p>\n","protected":false},"author":2,"featured_media":83098,"comment_status":"open","ping_status":"closed","sticky":false,"template":"","format":"standard","meta":{"tdm_status":"","tdm_grid_status":"","footnotes":""},"categories":[390,379,343],"tags":[441],"class_list":{"0":"post-91755","1":"post","2":"type-post","3":"status-publish","4":"format-standard","5":"has-post-thumbnail","7":"category-band","8":"category-novelas","9":"category-televisao","10":"tag-resumo-do-dia"},"_links":{"self":[{"href":"https:\/\/migracao.redenoticia.com.br\/noticia\/wp-json\/wp\/v2\/posts\/91755","targetHints":{"allow":["GET"]}}],"collection":[{"href":"https:\/\/migracao.redenoticia.com.br\/noticia\/wp-json\/wp\/v2\/posts"}],"about":[{"href":"https:\/\/migracao.redenoticia.com.br\/noticia\/wp-json\/wp\/v2\/types\/post"}],"author":[{"embeddable":true,"href":"https:\/\/migracao.redenoticia.com.br\/noticia\/wp-json\/wp\/v2\/users\/2"}],"replies":[{"embeddable":true,"href":"https:\/\/migracao.redenoticia.com.br\/noticia\/wp-json\/wp\/v2\/comments?post=91755"}],"version-history":[{"count":0,"href":"https:\/\/migracao.redenoticia.com.br\/noticia\/wp-json\/wp\/v2\/posts\/91755\/revisions"}],"wp:featuredmedia":[{"embeddable":true,"href":"https:\/\/migracao.redenoticia.com.br\/noticia\/wp-json\/wp\/v2\/media\/83098"}],"wp:attachment":[{"href":"https:\/\/migracao.redenoticia.com.br\/noticia\/wp-json\/wp\/v2\/media?parent=91755"}],"wp:term":[{"taxonomy":"category","embeddable":true,"href":"https:\/\/migracao.redenoticia.com.br\/noticia\/wp-json\/wp\/v2\/categories?post=91755"},{"taxonomy":"post_tag","embeddable":true,"href":"https:\/\/migracao.redenoticia.com.br\/noticia\/wp-json\/wp\/v2\/tags?post=91755"}],"curies":[{"name":"wp","href":"https:\/\/api.w.org\/{rel}","templated":true}]}}