{"id":91799,"date":"2016-08-02T06:06:15","date_gmt":"2016-08-02T09:06:15","guid":{"rendered":"http:\/\/www.redenoticia.com.br\/noticia\/?p=91799"},"modified":"2016-08-01T21:08:18","modified_gmt":"2016-08-02T00:08:18","slug":"governo-federal-prorroga-inscricao-de-chamada-sobre-zika","status":"publish","type":"post","link":"https:\/\/migracao.redenoticia.com.br\/noticia\/2016\/governo-federal-prorroga-inscricao-de-chamada-sobre-zika\/91799","title":{"rendered":"Governo federal prorroga inscri\u00e7\u00e3o de chamada sobre Zika"},"content":{"rendered":"<p>Ag\u00eancia FAPESP \u2013 As inscri\u00e7\u00f5es para a \u00a0foram prorrogadas at\u00e9 10 de agosto. A iniciativa visa apoiar estudos e pesquisas cient\u00edficas para o diagn\u00f3stico e desenvolvimento de <strong><em>vacinas contra o Zika v\u00edrus<\/em><\/strong>, bem como para a compreens\u00e3o da doen\u00e7a e suas correla\u00e7\u00f5es e cria\u00e7\u00e3o de medidas de controle do mosquito Aedes aegypti.<\/p>\n<p>A chamada \u00e9 resultado de uma a\u00e7\u00e3o conjunta entre o Minist\u00e9rio da Ci\u00eancia, Tecnologia, Inova\u00e7\u00f5es e Comunica\u00e7\u00f5es, Minist\u00e9rio da Sa\u00fade e Minist\u00e9rio da Educa\u00e7\u00e3o.<\/p>\n<p>O oferece um total de R$ 65 milh\u00f5es para as pesquisas, sendo R$ 30 milh\u00f5es da Coordena\u00e7\u00e3o de Aperfei\u00e7oamento de Pessoal de N\u00edvel Superior (Capes), R$ 15 milh\u00f5es do Conselho Nacional de Desenvolvimento Cient\u00edfico e Tecnol\u00f3gico (CNPq) e R$ 20 milh\u00f5es do Minist\u00e9rio da Sa\u00fade.<\/p>\n<p>Os pesquisadores interessados dever\u00e3o encaminhar os projetos pelo site do CNPq, juntamente ao Formul\u00e1rio de Propostas on-line, dispon\u00edvel na .<\/p>\n","protected":false},"excerpt":{"rendered":"<p>Ag\u00eancia FAPESP \u2013 As inscri\u00e7\u00f5es para a \u00a0foram prorrogadas at\u00e9 10 de agosto. A iniciativa visa apoiar estudos e pesquisas cient\u00edficas para o diagn\u00f3stico e desenvolvimento de vacinas contra o Zika v\u00edrus, bem como para a compreens\u00e3o da doen\u00e7a e suas correla\u00e7\u00f5es e cria\u00e7\u00e3o de medidas de controle do mosquito Aedes aegypti. A chamada \u00e9 [&hellip;]<\/p>\n","protected":false},"author":2,"featured_media":37376,"comment_status":"open","ping_status":"closed","sticky":false,"template":"","format":"standard","meta":{"tdm_status":"","tdm_grid_status":"","footnotes":""},"categories":[22,370,353,5],"tags":[],"class_list":{"0":"post-91799","1":"post","2":"type-post","3":"status-publish","4":"format-standard","5":"has-post-thumbnail","7":"category-brasil","8":"category-inscricao","9":"category-oportunidades","10":"category-saude-e-vida"},"_links":{"self":[{"href":"https:\/\/migracao.redenoticia.com.br\/noticia\/wp-json\/wp\/v2\/posts\/91799","targetHints":{"allow":["GET"]}}],"collection":[{"href":"https:\/\/migracao.redenoticia.com.br\/noticia\/wp-json\/wp\/v2\/posts"}],"about":[{"href":"https:\/\/migracao.redenoticia.com.br\/noticia\/wp-json\/wp\/v2\/types\/post"}],"author":[{"embeddable":true,"href":"https:\/\/migracao.redenoticia.com.br\/noticia\/wp-json\/wp\/v2\/users\/2"}],"replies":[{"embeddable":true,"href":"https:\/\/migracao.redenoticia.com.br\/noticia\/wp-json\/wp\/v2\/comments?post=91799"}],"version-history":[{"count":0,"href":"https:\/\/migracao.redenoticia.com.br\/noticia\/wp-json\/wp\/v2\/posts\/91799\/revisions"}],"wp:featuredmedia":[{"embeddable":true,"href":"https:\/\/migracao.redenoticia.com.br\/noticia\/wp-json\/wp\/v2\/media\/37376"}],"wp:attachment":[{"href":"https:\/\/migracao.redenoticia.com.br\/noticia\/wp-json\/wp\/v2\/media?parent=91799"}],"wp:term":[{"taxonomy":"category","embeddable":true,"href":"https:\/\/migracao.redenoticia.com.br\/noticia\/wp-json\/wp\/v2\/categories?post=91799"},{"taxonomy":"post_tag","embeddable":true,"href":"https:\/\/migracao.redenoticia.com.br\/noticia\/wp-json\/wp\/v2\/tags?post=91799"}],"curies":[{"name":"wp","href":"https:\/\/api.w.org\/{rel}","templated":true}]}}