{"id":91802,"date":"2016-08-02T06:08:22","date_gmt":"2016-08-02T09:08:22","guid":{"rendered":"http:\/\/www.redenoticia.com.br\/noticia\/?p=91802"},"modified":"2016-08-01T21:09:26","modified_gmt":"2016-08-02T00:09:26","slug":"procon-sp-tem-palestras-gratuitas-sobre-dividas-e-orientacao-financeiras","status":"publish","type":"post","link":"https:\/\/migracao.redenoticia.com.br\/noticia\/2016\/procon-sp-tem-palestras-gratuitas-sobre-dividas-e-orientacao-financeiras\/91802","title":{"rendered":"Procon-SP tem palestras gratuitas sobre d\u00edvidas e orienta\u00e7\u00e3o financeiras"},"content":{"rendered":"<p> A Funda\u00e7\u00e3o <strong><em>Procon-SP<\/em><\/strong> oferece regularmente cursos e palestras aos consumidores e fornecedores sobre quest\u00f5es consumeristas. As inscri\u00e7\u00f5es para as palestras do m\u00eas de agosto j\u00e1 est\u00e3o abertas e, algumas, podem ser feitas pelo . Confira os cursos dispon\u00edveis:<\/p>\n<p>Palestra D\u00edvidas e D\u00favidas<br \/>\n10 de agosto, quarta-feira<br \/>\nDas 9h \u00e0s 12h<br \/>\nRua Barra Funda, 1.032 &#8211; Barra Funda &#8211; S\u00e3o Paulo- SP<br \/>\nInscri\u00e7\u00f5es pelo  ou telefone (11) 3824-7069, das 9h \u00e0s 17h<\/p>\n<p>Palestra de Orienta\u00e7\u00e3o Financeira<br \/>\n11 de agosto, quinta-feira<br \/>\nDas 9h \u00e0s 11h<br \/>\nRua Barra Funda, 930, 1\u00ba andar, sala 111 &#8211; Barra Funda &#8211; S\u00e3o Paulo-SP<br \/>\nEvento gratuito<\/p>\n<p>Palestra D\u00edvidas e D\u00favidas<br \/>\n15 de agosto, segunda-feira<br \/>\nDas 14h \u00e0s 17h<br \/>\nRua Barra Funda, 1.032 &#8211; Barra Funda &#8211; S\u00e3o Paulo-SP<br \/>\nInscri\u00e7\u00f5es pelo  ou telefone (11) 3824-7069, das 9h \u00e0s 17h<\/p>\n<p>Palestra D\u00edvidas e D\u00favidas<br \/>\n20 de agosto, s\u00e1bado<br \/>\nDas 9h \u00e0s 12h<br \/>\nRua Barra Funda, 1.032 &#8211; Barra Funda &#8211; S\u00e3o Paulo-SP<br \/>\nInscri\u00e7\u00f5es pelo  ou telefone (11) 3824-7069, das 9h \u00e0s 17h<\/p>\n<p>Palestra Direitos B\u00e1sicos do Consumidor<br \/>\n25 de agosto, quinta-feira<br \/>\nDas 9h \u00e0s 11h<br \/>\nRua Barra Funda, 930, 1\u00ba andar, sala 111 &#8211; Barra Funda &#8211; S\u00e3o Paulo-SP<br \/>\nEvento gratuito<\/p>\n<p>Palestra D\u00edvidas e D\u00favidas<br \/>\n30 de agosto, ter\u00e7a-feira<br \/>\nDas 9h \u00e0s 12h<br \/>\nRua Barra Funda, 1.032 &#8211; Barra Funda &#8211; S\u00e3o Paulo-SP<br \/>\nInscri\u00e7\u00f5es pelo  ou telefone (11) 3824-7069, das 9h \u00e0s 17h<\/p>\n<p>Do Portal do Governo do Estado SP<\/p>\n","protected":false},"excerpt":{"rendered":"<p>A Funda\u00e7\u00e3o Procon-SP oferece regularmente cursos e palestras aos consumidores e fornecedores sobre quest\u00f5es consumeristas. As inscri\u00e7\u00f5es para as palestras do m\u00eas de agosto j\u00e1 est\u00e3o abertas e, algumas, podem ser feitas pelo . Confira os cursos dispon\u00edveis: Palestra D\u00edvidas e D\u00favidas 10 de agosto, quarta-feira Das 9h \u00e0s 12h Rua Barra Funda, 1.032 &#8211; [&hellip;]<\/p>\n","protected":false},"author":2,"featured_media":36246,"comment_status":"open","ping_status":"closed","sticky":false,"template":"","format":"standard","meta":{"tdm_status":"","tdm_grid_status":"","footnotes":""},"categories":[22,351,370],"tags":[],"class_list":{"0":"post-91802","1":"post","2":"type-post","3":"status-publish","4":"format-standard","5":"has-post-thumbnail","7":"category-brasil","8":"category-cursos","9":"category-inscricao"},"_links":{"self":[{"href":"https:\/\/migracao.redenoticia.com.br\/noticia\/wp-json\/wp\/v2\/posts\/91802","targetHints":{"allow":["GET"]}}],"collection":[{"href":"https:\/\/migracao.redenoticia.com.br\/noticia\/wp-json\/wp\/v2\/posts"}],"about":[{"href":"https:\/\/migracao.redenoticia.com.br\/noticia\/wp-json\/wp\/v2\/types\/post"}],"author":[{"embeddable":true,"href":"https:\/\/migracao.redenoticia.com.br\/noticia\/wp-json\/wp\/v2\/users\/2"}],"replies":[{"embeddable":true,"href":"https:\/\/migracao.redenoticia.com.br\/noticia\/wp-json\/wp\/v2\/comments?post=91802"}],"version-history":[{"count":0,"href":"https:\/\/migracao.redenoticia.com.br\/noticia\/wp-json\/wp\/v2\/posts\/91802\/revisions"}],"wp:featuredmedia":[{"embeddable":true,"href":"https:\/\/migracao.redenoticia.com.br\/noticia\/wp-json\/wp\/v2\/media\/36246"}],"wp:attachment":[{"href":"https:\/\/migracao.redenoticia.com.br\/noticia\/wp-json\/wp\/v2\/media?parent=91802"}],"wp:term":[{"taxonomy":"category","embeddable":true,"href":"https:\/\/migracao.redenoticia.com.br\/noticia\/wp-json\/wp\/v2\/categories?post=91802"},{"taxonomy":"post_tag","embeddable":true,"href":"https:\/\/migracao.redenoticia.com.br\/noticia\/wp-json\/wp\/v2\/tags?post=91802"}],"curies":[{"name":"wp","href":"https:\/\/api.w.org\/{rel}","templated":true}]}}