{"id":91804,"date":"2016-08-02T06:09:29","date_gmt":"2016-08-02T09:09:29","guid":{"rendered":"http:\/\/www.redenoticia.com.br\/noticia\/?p=91804"},"modified":"2016-08-01T21:10:30","modified_gmt":"2016-08-02T00:10:30","slug":"biblioteca-de-sao-paulo-oferece-curso-de-libras","status":"publish","type":"post","link":"https:\/\/migracao.redenoticia.com.br\/noticia\/2016\/biblioteca-de-sao-paulo-oferece-curso-de-libras\/91804","title":{"rendered":"Biblioteca de S\u00e3o Paulo oferece curso de Libras"},"content":{"rendered":"<p> A Biblioteca de S\u00e3o Paulo est\u00e1 com inscri\u00e7\u00f5es abertas para o <strong><em>Curso de Libras<\/em><\/strong> Intermedi\u00e1rio. S\u00e3o 30 vagas destinadas ao p\u00fablico com mais de 16 anos e com conhecimento b\u00e1sico na Linguagem Brasileia de Sinais. A proposta \u00e9 ampliar a possibilidade de comunica\u00e7\u00e3o e intera\u00e7\u00e3o social e profissional com surdos.<\/p>\n<p>As aulas ser\u00e3o ministradas aos s\u00e1bados, entre os dias 13 de agosto e 24 de setembro, divididas entre aulas pr\u00e1ticas e te\u00f3ricas. Para participar \u00e9 necess\u00e1rio se inscrever pelo email agenda@bsp.org.br ou no balc\u00e3o de atendimento da biblioteca at\u00e9 o dia 3 de agosto.<\/p>\n<p>Ap\u00f3s a inscri\u00e7\u00e3o, o candidato deve comparecer a Biblioteca no dia 6 de agosto para a realiza\u00e7\u00e3o de um teste. S\u00f3 poder\u00e1 participar do curso o candidato que comparecer no dia do teste e for aprovado.<\/p>\n<p>Acessibilidade na Biblioteca de S\u00e3o Paulo<br \/>\nA Biblioteca de S\u00e3o Paulo oferece ainda scanners capazes de &#8220;transformar&#8221; livros escritos em arquivos de \u00e1udio, que permitem ao visitante levar o audiolivro para casa &#8211; basta ter em m\u00e3os algum tipo de m\u00eddia para armazenar o arquivo como MP3, pen drive, CD ou DVD.<\/p>\n<p>Al\u00e9m disso, o espa\u00e7o disp\u00f5e de mobili\u00e1rio especial para cadeirantes e equipamentos para auxiliar a leitura de deficientes visuais, como lupa eletr\u00f4nica e computadores com leitores de tela. Algumas atividades contam com tabuleiros e outros materiais adaptados para que as pessoas com defici\u00eancia consigam interagir e aprimorar outros sentidos.<\/p>\n<p>SERVI\u00c7O<br \/>\nCurso de Libras Intermedi\u00e1rio<br \/>\nDe 13 de agosto a 24 de setembro, das 10h \u00e0s 13h30<br \/>\nBiblioteca de S\u00e3o Paulo &#8211; Avenida Cruzeiro do Sul, 2.630 &#8211; S\u00e3o Paulo<br \/>\nInscri\u00e7\u00e3o pelo email agenda@bsp.org.br at\u00e9 o dia 3<br \/>\n(11) 2089-0800<\/p>\n<p>Do Portal do Governo do Estado SP<\/p>\n","protected":false},"excerpt":{"rendered":"<p>A Biblioteca de S\u00e3o Paulo est\u00e1 com inscri\u00e7\u00f5es abertas para o Curso de Libras Intermedi\u00e1rio. S\u00e3o 30 vagas destinadas ao p\u00fablico com mais de 16 anos e com conhecimento b\u00e1sico na Linguagem Brasileia de Sinais. A proposta \u00e9 ampliar a possibilidade de comunica\u00e7\u00e3o e intera\u00e7\u00e3o social e profissional com surdos. As aulas ser\u00e3o ministradas aos [&hellip;]<\/p>\n","protected":false},"author":2,"featured_media":34784,"comment_status":"open","ping_status":"closed","sticky":false,"template":"","format":"standard","meta":{"tdm_status":"","tdm_grid_status":"","footnotes":""},"categories":[22,351,370],"tags":[],"class_list":{"0":"post-91804","1":"post","2":"type-post","3":"status-publish","4":"format-standard","5":"has-post-thumbnail","7":"category-brasil","8":"category-cursos","9":"category-inscricao"},"_links":{"self":[{"href":"https:\/\/migracao.redenoticia.com.br\/noticia\/wp-json\/wp\/v2\/posts\/91804","targetHints":{"allow":["GET"]}}],"collection":[{"href":"https:\/\/migracao.redenoticia.com.br\/noticia\/wp-json\/wp\/v2\/posts"}],"about":[{"href":"https:\/\/migracao.redenoticia.com.br\/noticia\/wp-json\/wp\/v2\/types\/post"}],"author":[{"embeddable":true,"href":"https:\/\/migracao.redenoticia.com.br\/noticia\/wp-json\/wp\/v2\/users\/2"}],"replies":[{"embeddable":true,"href":"https:\/\/migracao.redenoticia.com.br\/noticia\/wp-json\/wp\/v2\/comments?post=91804"}],"version-history":[{"count":0,"href":"https:\/\/migracao.redenoticia.com.br\/noticia\/wp-json\/wp\/v2\/posts\/91804\/revisions"}],"wp:featuredmedia":[{"embeddable":true,"href":"https:\/\/migracao.redenoticia.com.br\/noticia\/wp-json\/wp\/v2\/media\/34784"}],"wp:attachment":[{"href":"https:\/\/migracao.redenoticia.com.br\/noticia\/wp-json\/wp\/v2\/media?parent=91804"}],"wp:term":[{"taxonomy":"category","embeddable":true,"href":"https:\/\/migracao.redenoticia.com.br\/noticia\/wp-json\/wp\/v2\/categories?post=91804"},{"taxonomy":"post_tag","embeddable":true,"href":"https:\/\/migracao.redenoticia.com.br\/noticia\/wp-json\/wp\/v2\/tags?post=91804"}],"curies":[{"name":"wp","href":"https:\/\/api.w.org\/{rel}","templated":true}]}}