{"id":92,"date":"2009-04-05T18:27:00","date_gmt":"2009-04-05T21:27:00","guid":{"rendered":"http:\/\/www.redenoticia.com.br\/noticia\/?p=92"},"modified":"2009-04-10T00:35:35","modified_gmt":"2009-04-10T03:35:35","slug":"decisao-ambiental-passa-quase-despercebida","status":"publish","type":"post","link":"https:\/\/migracao.redenoticia.com.br\/noticia\/2009\/decisao-ambiental-passa-quase-despercebida\/92","title":{"rendered":"Decis\u00e3o ambiental passa quase despercebida"},"content":{"rendered":"<p style=\"MARGIN: 0cm 0cm 12pt\"><img loading=\"lazy\" decoding=\"async\" class=\"alignleft\" src=\"http:\/\/farm4.static.flickr.com\/3560\/3418611998_fba777157d_m.jpg\" alt=\"\" width=\"240\" height=\"112\" \/>Passou praticamente despercebida uma decis\u00e3o fundamental para o futuro das florestas. Num intervalo entre as reuni\u00f5es do G-20 sobre como resgatar o mundo da crise econ\u00f4mica, os l\u00edderes acertaram, por consenso, que devem destinar de US$ 10 bilh\u00f5es a US$ 15 bilh\u00f5es ao ano para preservar as florestas tropicais e que n\u00e3o \u00e9 preciso esperar o novo acordo clim\u00e1tico, previsto para o fim do ano, para montar esta arquitetura.<\/p>\n<p>Um grupo de trabalho deve apresentar um rascunho de como fazer isso em julho, na pr\u00f3xima reuni\u00e3o do G-8. &#8220;Foi a mais importante reuni\u00e3o de alto n\u00edvel sobre florestas da hist\u00f3ria&#8221;, celebrava ontem, em Cuiab\u00e1, Tasso Azevedo, o chefe do Servi\u00e7o Florestal Brasileiro do Minist\u00e9rio do Meio Ambiente, chegando diretamente de Londres para o encontro do Katoomba, a reuni\u00e3o de 1,2 mil cientistas, ambientalistas e pol\u00edticos interessados em viabilizar o pagamento por servi\u00e7os ambientais. Na reuni\u00e3o de Londres, que seguiu a proposta do grupo do pr\u00edncipe Charles sobre prote\u00e7\u00e3o das florestas, estavam o chanceler Celso Amorim, Angela Merkel, Taro Aso, Hillary Clinton e Nicolas Sarkozy, entre outros. Quando as negocia\u00e7\u00f5es internacionais de clima fecharem, possivelmente em dezembro, no encontro de Copenhague, Azevedo acredita que existir\u00e1 uma esp\u00e9cie de conta-carbono nacional, para cada pa\u00eds com florestas. \u00c9 sobre este n\u00famero que ir\u00e3o se basear doa\u00e7\u00f5es a mecanismos como o Fundo Amaz\u00f4nia ou projetos de REDD (Redu\u00e7\u00e3o de Emiss\u00f5es por Desmatamento e Degrada\u00e7\u00e3o). A regra sobre como estes recursos ser\u00e3o utilizados ficar\u00e1 a cargo de cada pa\u00eds. A expectativa de Azevedo \u00e9 que o Fundo Amaz\u00f4nia, que j\u00e1 conta com US$ 110 milh\u00f5es da Noruega (com perspectiva de chegar a US$ 1 bilh\u00e3o at\u00e9 2015) possa ter US$ 300 milh\u00f5es ao ano com o ingresso de mais &#8220;dois parceiros&#8221;. Um deles, j\u00e1 se sabe, \u00e9 a Alemanha. H\u00e1 25 consultas de REDD no BNDES neste momento, disse ele, que nos pr\u00f3ximos dias assume o cargo de assessor especial do ministro Carlos Minc para REDD e Fundo Amaz\u00f4nia. A coisa nem bem come\u00e7ou e j\u00e1 d\u00e1 atritos entre governo federal e os governos da Amaz\u00f4nia. Na quarta-feira, a governadora Ana Julia Carepa, do Par\u00e1, o governador Arn\u00f3bio Marques, do Acre e Eduardo Braga, do Amazonas, disseram temer que a centraliza\u00e7\u00e3o dos recursos no governo federal burocratize o processo e o dinheiro n\u00e3o chegue na ponta. Segundo Azevedo, a distribui\u00e7\u00e3o da verba do Fundo Amaz\u00f4nia atender\u00e1 a crit\u00e9rios como a sintonia do projeto com o Plano Nacional de Mudan\u00e7a Clim\u00e1tica. Lugares que j\u00e1 desmataram muito e hoje se esfor\u00e7am para reduzir a taxa n\u00e3o podem ser mais premiados que Estados que n\u00e3o desmataram quase nada, como \u00e9 o caso do Amazonas, que t\u00eam 98% de sua cobertura florestal original. &#8220;Projetos com certifica\u00e7\u00e3o CFC pode ser um bom crit\u00e9rio que ali h\u00e1 preocupa\u00e7\u00e3o com desenvolvimento sustent\u00e1vel e se est\u00e1 evitando emiss\u00f5es, e receber recursos do Fundo Amaz\u00f4nia&#8221;, adiantou. <strong><a href=\"http:\/\/www.valoronline.com.br\/\"><strong>Leia mais<\/strong><\/a><\/strong> <strong>Fonte:<\/strong> Valor Econ\u00f4mico<\/p>\n","protected":false},"excerpt":{"rendered":"<p>Passou praticamente despercebida uma decis\u00e3o fundamental para o futuro das florestas. Num intervalo entre as reuni\u00f5es do G-20 sobre como resgatar o mundo da crise econ\u00f4mica, os l\u00edderes acertaram, por consenso, que devem destinar de US$ 10 bilh\u00f5es a US$ 15 bilh\u00f5es ao ano para preservar as florestas tropicais e que n\u00e3o \u00e9 preciso esperar [&hellip;]<\/p>\n","protected":false},"author":2,"featured_media":0,"comment_status":"open","ping_status":"open","sticky":false,"template":"","format":"standard","meta":{"tdm_status":"","tdm_grid_status":"","footnotes":""},"categories":[22],"tags":[],"class_list":{"0":"post-92","1":"post","2":"type-post","3":"status-publish","4":"format-standard","6":"category-brasil"},"_links":{"self":[{"href":"https:\/\/migracao.redenoticia.com.br\/noticia\/wp-json\/wp\/v2\/posts\/92","targetHints":{"allow":["GET"]}}],"collection":[{"href":"https:\/\/migracao.redenoticia.com.br\/noticia\/wp-json\/wp\/v2\/posts"}],"about":[{"href":"https:\/\/migracao.redenoticia.com.br\/noticia\/wp-json\/wp\/v2\/types\/post"}],"author":[{"embeddable":true,"href":"https:\/\/migracao.redenoticia.com.br\/noticia\/wp-json\/wp\/v2\/users\/2"}],"replies":[{"embeddable":true,"href":"https:\/\/migracao.redenoticia.com.br\/noticia\/wp-json\/wp\/v2\/comments?post=92"}],"version-history":[{"count":0,"href":"https:\/\/migracao.redenoticia.com.br\/noticia\/wp-json\/wp\/v2\/posts\/92\/revisions"}],"wp:attachment":[{"href":"https:\/\/migracao.redenoticia.com.br\/noticia\/wp-json\/wp\/v2\/media?parent=92"}],"wp:term":[{"taxonomy":"category","embeddable":true,"href":"https:\/\/migracao.redenoticia.com.br\/noticia\/wp-json\/wp\/v2\/categories?post=92"},{"taxonomy":"post_tag","embeddable":true,"href":"https:\/\/migracao.redenoticia.com.br\/noticia\/wp-json\/wp\/v2\/tags?post=92"}],"curies":[{"name":"wp","href":"https:\/\/api.w.org\/{rel}","templated":true}]}}