{"id":92052,"date":"2016-08-07T17:30:20","date_gmt":"2016-08-07T20:30:20","guid":{"rendered":"http:\/\/www.redenoticia.com.br\/noticia\/?p=92052"},"modified":"2016-08-07T18:49:33","modified_gmt":"2016-08-07T21:49:33","slug":"novela-amor-e-intrigas-resumo-0808-pedro-confessa-que-faz-poesias-para-alice","status":"publish","type":"post","link":"https:\/\/migracao.redenoticia.com.br\/noticia\/2016\/novela-amor-e-intrigas-resumo-0808-pedro-confessa-que-faz-poesias-para-alice\/92052","title":{"rendered":"Novela \u201cAmor e Intrigas\u201d resumo 08\/08: Paco faz poesia para Fab\u00edola"},"content":{"rendered":"<p> <img loading=\"lazy\" decoding=\"async\" class=\"alignleft size-thumbnail wp-image-85046\" src=\"https:\/\/migracao.redenoticia.com.br\/noticia\/imagens\/amor_e_intrigas_record_resumo_novela-150x112.jpg\" alt=\"amor_e_intrigas_record_resumo_novela\" width=\"150\" height=\"112\" srcset=\"https:\/\/migracao.redenoticia.com.br\/noticia\/imagens\/amor_e_intrigas_record_resumo_novela-150x112.jpg 150w, https:\/\/migracao.redenoticia.com.br\/noticia\/imagens\/amor_e_intrigas_record_resumo_novela-265x198.jpg 265w\" sizes=\"auto, (max-width: 150px) 100vw, 150px\" \/><strong><em>Novela \u201cAmor e Intrigas\u201d resumo 08\/08<\/em><\/strong>: Jana\u00edna diz para Pedro e Alice que Paco est\u00e1 fazendo poesias para ela. Pedro conta que nunca fez poesia para Ant\u00f4nia, mas confessa que j\u00e1 fez para outra mulher e olha para Alice. Paco conta para Pedro que as poesias ele faz n\u00e3o s\u00e3o para Jana\u00edna, mas para Fab\u00edola e diz que ela n\u00e3o sai de sua cabe\u00e7a. Pedro confessa que faz poesias para Alice e Felipe chega bem na hora. Ele escuta, sem ser visto por Pedro e Paco, que saem da sala. <\/p>\n<p>No capitulo 071 (*), novela \u201cAmor e Intrigas\u201d, segunda-feira, 08 de agosto \u2013 Dorot\u00e9ia diz para Alexandra que Jurandir ir\u00e1 fazer um seq\u00fcestro-rel\u00e2mpago de Ant\u00f4nia. Anselmo avisa que vai tomar chope e Jana\u00edna diz que Celeste tamb\u00e9m est\u00e1 com vontade. Celeste fica sem gra\u00e7a e Anselmo a convida para ir junto com ele. Petr\u00f4nio pede uma comiss\u00e3o para Jurandir. Keyla Trovoada senta na mesa dos dois e se insinua. Hugo pergunta por Celeste e Jana\u00edna se enrola na hora de falar. O menino percebe e Jana\u00edna fala a verdade para ele. Hugo comemora e Jana\u00edna fica surpresa com a rea\u00e7\u00e3o dele. Alice e Pierre conversam sobre Felipe. Keyla chama Jurandir para sambar. Ele leva um susto ao ver Anselmo entrar no bar com Celeste e se esconde. Petr\u00f4nio olha para a porta e se apavora. Dorot\u00e9ia conta seu plano para Alexandra e diz que Ant\u00f4nia ligar\u00e1 para Pedro se encontrar com o seq\u00fcestrador no restaurante onde Alice estiver almo\u00e7ando. <\/p>\n<p>Ela avisa que Rafaela n\u00e3o poder\u00e1 estar l\u00e1 e diz que quem estar\u00e1 \u00e9 o fot\u00f3grafo. Petr\u00f4nio se esconde com Jurandir, enquanto Anselmo e Celeste sentam numa mesa. Mar\u00edlia aceita a proposta de Alice de fazer estampas para confec\u00e7\u00e3o dela. Eva, Nonato e C\u00edcero fofocam. Kiko se declara para Neide e ela fica feliz. Anselmo e Celeste v\u00e3o embora do bar e Petr\u00f4nio e Jurandir saem do esconderijo. Jurandir liga para Alexandra. Alice e Pedro conversam sobre a confec\u00e7\u00e3o e ele a admira, apaixonado. Alexandra combina de se encontrar com Jurandir e diz ter outro servi\u00e7o para ele. Telma chega ao restaurante de Camilo e pede uma mesa perto do palco. Jana\u00edna diz para Pedro e Alice que Paco est\u00e1 fazendo poesias para ela. Pedro conta que nunca fez poesia para Ant\u00f4nia, mas confessa que j\u00e1 fez para outra mulher e olha para Alice. Celeste chega para ver Anselmo tocar e senta numa mesa ao lado de Telma. As duas se encaram e Anselmo fica tenso. Paco conta para Pedro que as poesias ele faz n\u00e3o s\u00e3o para Jana\u00edna, mas para Fab\u00edola e diz que ela n\u00e3o sai de sua cabe\u00e7a. <\/p>\n<p>Pedro confessa que faz poesias para Alice e Felipe chega bem na hora. Ele escuta, sem ser visto por Pedro e Paco, que saem da sala. Alexandra chega feliz em casa e Adelaide e Jo\u00e3o estranham. Alice vai at\u00e9 Felipe e percebe que ele est\u00e1 esquisito. Pedro e Paco encontram os dois juntos. Felipe \u00e9 seco com Pedro e abra\u00e7a Alice. Anselmo termina a apresenta\u00e7\u00e3o e fica sem saber em qual mesa se sentar. Mar\u00edlia e Ant\u00f4nia conversam sobre Marcos. Felipe pergunta se Pedro tem alguma musa inspiradora para escrever suas poesias e ele fica sem gra\u00e7a. Petr\u00f4nio conta para Valqu\u00edria que Alexandra est\u00e1 nas m\u00e3os de Jurandir. Anselmo resolver sentar na mesa com Celeste e Telma e as duas ficam se alfinetando o tempo todo. Felipe diz para Alice que sabe do sentimento de Pedro por ela. Ela diz para Felipe parar de cisma e os dois se beijam. Alexandra se encontra com Jurandir e prop\u00f5e pagar vinte mil reais por um servi\u00e7o.<\/p>\n<p>(*) edi\u00e7\u00e3o da Rede Record, Novela \u201cAmor e Intrigas\u201d, sujeito a altera\u00e7\u00e3o de data e conte\u00fado.<\/p>\n","protected":false},"excerpt":{"rendered":"<p>Novela \u201cAmor e Intrigas\u201d resumo 08\/08: Jana\u00edna diz para Pedro e Alice que Paco est\u00e1 fazendo poesias para ela. Pedro conta que nunca fez poesia para Ant\u00f4nia, mas confessa que j\u00e1 fez para outra mulher e olha para Alice. Paco conta para Pedro que as poesias ele faz n\u00e3o s\u00e3o para Jana\u00edna, mas para Fab\u00edola [&hellip;]<\/p>\n","protected":false},"author":2,"featured_media":85046,"comment_status":"open","ping_status":"closed","sticky":false,"template":"","format":"standard","meta":{"tdm_status":"","tdm_grid_status":"","footnotes":""},"categories":[379,371,343],"tags":[441],"class_list":{"0":"post-92052","1":"post","2":"type-post","3":"status-publish","4":"format-standard","5":"has-post-thumbnail","7":"category-novelas","8":"category-rede-record","9":"category-televisao","10":"tag-resumo-do-dia"},"_links":{"self":[{"href":"https:\/\/migracao.redenoticia.com.br\/noticia\/wp-json\/wp\/v2\/posts\/92052","targetHints":{"allow":["GET"]}}],"collection":[{"href":"https:\/\/migracao.redenoticia.com.br\/noticia\/wp-json\/wp\/v2\/posts"}],"about":[{"href":"https:\/\/migracao.redenoticia.com.br\/noticia\/wp-json\/wp\/v2\/types\/post"}],"author":[{"embeddable":true,"href":"https:\/\/migracao.redenoticia.com.br\/noticia\/wp-json\/wp\/v2\/users\/2"}],"replies":[{"embeddable":true,"href":"https:\/\/migracao.redenoticia.com.br\/noticia\/wp-json\/wp\/v2\/comments?post=92052"}],"version-history":[{"count":0,"href":"https:\/\/migracao.redenoticia.com.br\/noticia\/wp-json\/wp\/v2\/posts\/92052\/revisions"}],"wp:featuredmedia":[{"embeddable":true,"href":"https:\/\/migracao.redenoticia.com.br\/noticia\/wp-json\/wp\/v2\/media\/85046"}],"wp:attachment":[{"href":"https:\/\/migracao.redenoticia.com.br\/noticia\/wp-json\/wp\/v2\/media?parent=92052"}],"wp:term":[{"taxonomy":"category","embeddable":true,"href":"https:\/\/migracao.redenoticia.com.br\/noticia\/wp-json\/wp\/v2\/categories?post=92052"},{"taxonomy":"post_tag","embeddable":true,"href":"https:\/\/migracao.redenoticia.com.br\/noticia\/wp-json\/wp\/v2\/tags?post=92052"}],"curies":[{"name":"wp","href":"https:\/\/api.w.org\/{rel}","templated":true}]}}