{"id":92054,"date":"2016-08-07T18:17:43","date_gmt":"2016-08-07T21:17:43","guid":{"rendered":"http:\/\/www.redenoticia.com.br\/noticia\/?p=92054"},"modified":"2016-08-07T19:04:00","modified_gmt":"2016-08-07T22:04:00","slug":"novela-sila-resumo-0808-o-ex-de-zeinap-enfrenta-boran","status":"publish","type":"post","link":"https:\/\/migracao.redenoticia.com.br\/noticia\/2016\/novela-sila-resumo-0808-o-ex-de-zeinap-enfrenta-boran\/92054","title":{"rendered":"Novela \u201cSila\u201d resumo 08\/08: o ex de Zeinap desafia Boran"},"content":{"rendered":"<p> <img loading=\"lazy\" decoding=\"async\" class=\"alignleft size-thumbnail wp-image-83098\" src=\"https:\/\/migracao.redenoticia.com.br\/noticia\/imagens\/sila_band_novela_resumo_capitulo-150x112.jpg\" alt=\"sila_band_novela_resumo_capitulo\" width=\"150\" height=\"112\" srcset=\"https:\/\/migracao.redenoticia.com.br\/noticia\/imagens\/sila_band_novela_resumo_capitulo-150x112.jpg 150w, https:\/\/migracao.redenoticia.com.br\/noticia\/imagens\/sila_band_novela_resumo_capitulo-265x198.jpg 265w\" sizes=\"auto, (max-width: 150px) 100vw, 150px\" \/><strong><em> Novela \u201cSila\u201d resumo 08\/08<\/em><\/strong>: Sila ainda est\u00e1 com ci\u00fames de Zeinef. A m\u00e9dica est\u00e1 entre a cruz e a espada. Algu\u00e9m veio para mostrar umas fotografias. O ex de Zeinap enfrenta Boran. A m\u00e9dica avisa a Sila que Boran deve continuar com a terapia. Sila diz que n\u00e3o confia nela. No entanto, a especialista reprova sua atitude.<\/p>\n<p>No capitulo 099(*), novela \u201cSila\u201d, segunda-feira, 08 de agosto &#8211; Boran acorda Sila com flores, em clima de romance. Zeinef discute com o noivo por telefone. Bedar passa mal por causa do tratamento. Dilan come\u00e7a a mentir para os pais e n\u00e3o vai \u00e0 escola. Sila tem ins\u00f4nia e tenta controlar o ci\u00fame que sente de Boran. Sila percebe que h\u00e1 compl\u00f4 dentro da empresa e amea\u00e7a demitir todos os executivos que est\u00e3o contra ela. Dilan come\u00e7a a dar problemas na escola e Sila \u00e9 chamada pela diretora. Esma amea\u00e7a destruir Sila durante uma discuss\u00e3o. Sila manda investigar a vida de Zeinef.<\/p>\n<p> Boran leva Sila para jantar e comemorar seu anivers\u00e1rio. No local ela recebe uma grande surpresa. Zeinef \u00e9 convidada para o anivers\u00e1rio de Sila e passa por uma situa\u00e7\u00e3o constrangedora. Depois de levar uma bronca, Dilan foge de casa e vai para uma casa noturna. A pol\u00edcia liga para a fam\u00edlia, que est\u00e1 desesperada. Sila e Boran v\u00e3o \u00e0 delegacia buscar Dilan, que est\u00e1 muito assustada. Boran pede ajuda a Zeinep para lidar com Dilan, mas n\u00e3o avisa Sila. Boran discute com o homem que veio amea\u00e7\u00e1-lo por proteger uma pessoa da tradi\u00e7\u00e3o.  O sobrinho do chefe Ahmed est\u00e1 furioso com Boran e Zeinep escuta tudo atr\u00e1s da porta. Zeinep revela que o pai dela foi v\u00edtima da tradi\u00e7\u00e3o de Mardin. Esma v\u00ea fotos de Zeinep sobre a mesa de Sila. Dilan briga com o namorado e pede conselhos a Sila. Sila chama Boran e descobre que ele vai a Mardin.<\/p>\n<p>Dilan termina o namoro e fica arrasada. Sila descobre que Zeinep foi para Mardin atr\u00e1s de Boran e fica morrendo de ci\u00fame. Os homens que amea\u00e7aram Boran cercam a empresa de Sila. Celil p\u00f5e a casa de Mardin \u00e0 venda para pagar o tratamento de Bedar e Boran descobre. Dilaver percebe que Sila est\u00e1 sendo seguida e avisa Zinar. Boran finalmente se lembra de Emre e pede para encerrar a terapia. Sila escuta uma conversa entre Boran e Zeinep pelo celular. Sila chora e \u00e9 consolada por Narin. Zinar diz a Boran que Sila corre perigo. Abay vai \u00e0 casa de Sila para proteg\u00ea-la. Boran volta para Istambul e refor\u00e7a a seguran\u00e7a da casa. O noivo de Zeinep tenta se reaproximar dela. Esma revira o escrit\u00f3rio de Sila e pega documentos e fotos. A m\u00e9dica est\u00e1 entre a cruz e a espada. Algu\u00e9m veio para mostrar umas fotografias. O ex de Zeinap enfrenta Boran. A m\u00e9dica avisa a Sila que Boran deve continuar com a terapia. Sila diz que n\u00e3o confia nela. No entanto, a especialista reprova sua atitude.<\/p>\n<p>(*) edi\u00e7\u00e3o da Band, Novela \u201cSila\u201d, sujeito a altera\u00e7\u00e3o de data e conte\u00fado.<\/p>\n","protected":false},"excerpt":{"rendered":"<p>Novela \u201cSila\u201d resumo 08\/08: Sila ainda est\u00e1 com ci\u00fames de Zeinef. A m\u00e9dica est\u00e1 entre a cruz e a espada. Algu\u00e9m veio para mostrar umas fotografias. O ex de Zeinap enfrenta Boran. A m\u00e9dica avisa a Sila que Boran deve continuar com a terapia. Sila diz que n\u00e3o confia nela. No entanto, a especialista reprova [&hellip;]<\/p>\n","protected":false},"author":2,"featured_media":83098,"comment_status":"open","ping_status":"closed","sticky":false,"template":"","format":"standard","meta":{"tdm_status":"","tdm_grid_status":"","footnotes":""},"categories":[390,379,343],"tags":[441],"class_list":{"0":"post-92054","1":"post","2":"type-post","3":"status-publish","4":"format-standard","5":"has-post-thumbnail","7":"category-band","8":"category-novelas","9":"category-televisao","10":"tag-resumo-do-dia"},"_links":{"self":[{"href":"https:\/\/migracao.redenoticia.com.br\/noticia\/wp-json\/wp\/v2\/posts\/92054","targetHints":{"allow":["GET"]}}],"collection":[{"href":"https:\/\/migracao.redenoticia.com.br\/noticia\/wp-json\/wp\/v2\/posts"}],"about":[{"href":"https:\/\/migracao.redenoticia.com.br\/noticia\/wp-json\/wp\/v2\/types\/post"}],"author":[{"embeddable":true,"href":"https:\/\/migracao.redenoticia.com.br\/noticia\/wp-json\/wp\/v2\/users\/2"}],"replies":[{"embeddable":true,"href":"https:\/\/migracao.redenoticia.com.br\/noticia\/wp-json\/wp\/v2\/comments?post=92054"}],"version-history":[{"count":0,"href":"https:\/\/migracao.redenoticia.com.br\/noticia\/wp-json\/wp\/v2\/posts\/92054\/revisions"}],"wp:featuredmedia":[{"embeddable":true,"href":"https:\/\/migracao.redenoticia.com.br\/noticia\/wp-json\/wp\/v2\/media\/83098"}],"wp:attachment":[{"href":"https:\/\/migracao.redenoticia.com.br\/noticia\/wp-json\/wp\/v2\/media?parent=92054"}],"wp:term":[{"taxonomy":"category","embeddable":true,"href":"https:\/\/migracao.redenoticia.com.br\/noticia\/wp-json\/wp\/v2\/categories?post=92054"},{"taxonomy":"post_tag","embeddable":true,"href":"https:\/\/migracao.redenoticia.com.br\/noticia\/wp-json\/wp\/v2\/tags?post=92054"}],"curies":[{"name":"wp","href":"https:\/\/api.w.org\/{rel}","templated":true}]}}