{"id":92170,"date":"2016-08-06T18:06:23","date_gmt":"2016-08-06T21:06:23","guid":{"rendered":"http:\/\/www.redenoticia.com.br\/noticia\/?p=92170"},"modified":"2016-08-07T18:58:05","modified_gmt":"2016-08-07T21:58:05","slug":"novela-eta-mundo-bom-resumo-0608-sandra-sai-descadeirada-da-casa-de-pancracio","status":"publish","type":"post","link":"https:\/\/migracao.redenoticia.com.br\/noticia\/2016\/novela-eta-mundo-bom-resumo-0608-sandra-sai-descadeirada-da-casa-de-pancracio\/92170","title":{"rendered":"Novela \u201cEta Mundo Bom\u201d resumo 06\/08: Ernesto socorre Sandra"},"content":{"rendered":"<p><img loading=\"lazy\" decoding=\"async\" class=\"alignleft size-thumbnail wp-image-82131\" src=\"https:\/\/migracao.redenoticia.com.br\/noticia\/imagens\/eta_mundo_bom_globo_novela_resumo-150x112.jpg\" alt=\"eta_mundo_bom_globo_novela_resumo\" width=\"150\" height=\"112\" srcset=\"https:\/\/migracao.redenoticia.com.br\/noticia\/imagens\/eta_mundo_bom_globo_novela_resumo-150x112.jpg 150w, https:\/\/migracao.redenoticia.com.br\/noticia\/imagens\/eta_mundo_bom_globo_novela_resumo-265x198.jpg 265w\" sizes=\"auto, (max-width: 150px) 100vw, 150px\" \/><strong><em>Novela \u201cEta Mundo Bom\u201d resumo 06\/08<\/em><\/strong>: Sandra procura Anast\u00e1cia e volta a oferecer uma fazenda para que a tia desista de process\u00e1-la por falsificar suas assinaturas e roubar seus bens. Candinho fica uma fera com a megera. Ele a expulsa e manda seu animal de estima\u00e7\u00e3o dar um trato em Sandra. Policarpo d\u00e1 um coice nela. Sandra sai descadeirada da casa de Pancr\u00e1cio e Ernesto cuida de sua comparsa.<\/p>\n<p>No cap\u00edtulo 174(*), novela \u201cEta Mundo Bom\u201d, s\u00e1bado, 06 de agosto \u2013 Candinho expulsa Sandra com a ajuda de Policarpo, e Ernesto cuida de sua comparsa. Romeu dan\u00e7a com Sarita, e Mafalda se incomoda.<\/p>\n<p>Leonardo gosta de conhecer Filomena, que se preocupa com a falta de not\u00edcias de Candinho. Candinho pensa em buscar Filomena e seu filho na fazenda. Severo e Diana se aproximam.<\/p>\n<p>Braz manipula Ilde. Cunegundes e sua fam\u00edlia tentam administrar a fazenda sem a ajuda de Z\u00e9 dos Porcos. Alice se recusa a ficar perto de Ara\u00fajo, e Cl\u00e1udio sofre. Maria visita Gerusa no hospital. Chega o dia do julgamento de Sandra e Anast\u00e1cia.<\/p>\n<p>(*) edi\u00e7\u00e3o da Rede Globo, Novela \u201cEta Mundo Bom\u201d, sujeito a altera\u00e7\u00e3o de data e conte\u00fado.<\/p>\n","protected":false},"excerpt":{"rendered":"<p>Novela \u201cEta Mundo Bom\u201d resumo 06\/08: Sandra procura Anast\u00e1cia e volta a oferecer uma fazenda para que a tia desista de process\u00e1-la por falsificar suas assinaturas e roubar seus bens. Candinho fica uma fera com a megera. Ele a expulsa e manda seu animal de estima\u00e7\u00e3o dar um trato em Sandra. Policarpo d\u00e1 um coice [&hellip;]<\/p>\n","protected":false},"author":4,"featured_media":82131,"comment_status":"open","ping_status":"closed","sticky":false,"template":"","format":"standard","meta":{"tdm_status":"","tdm_grid_status":"","footnotes":""},"categories":[379,375,343],"tags":[441],"class_list":{"0":"post-92170","1":"post","2":"type-post","3":"status-publish","4":"format-standard","5":"has-post-thumbnail","7":"category-novelas","8":"category-rede-globo","9":"category-televisao","10":"tag-resumo-do-dia"},"_links":{"self":[{"href":"https:\/\/migracao.redenoticia.com.br\/noticia\/wp-json\/wp\/v2\/posts\/92170","targetHints":{"allow":["GET"]}}],"collection":[{"href":"https:\/\/migracao.redenoticia.com.br\/noticia\/wp-json\/wp\/v2\/posts"}],"about":[{"href":"https:\/\/migracao.redenoticia.com.br\/noticia\/wp-json\/wp\/v2\/types\/post"}],"author":[{"embeddable":true,"href":"https:\/\/migracao.redenoticia.com.br\/noticia\/wp-json\/wp\/v2\/users\/4"}],"replies":[{"embeddable":true,"href":"https:\/\/migracao.redenoticia.com.br\/noticia\/wp-json\/wp\/v2\/comments?post=92170"}],"version-history":[{"count":0,"href":"https:\/\/migracao.redenoticia.com.br\/noticia\/wp-json\/wp\/v2\/posts\/92170\/revisions"}],"wp:featuredmedia":[{"embeddable":true,"href":"https:\/\/migracao.redenoticia.com.br\/noticia\/wp-json\/wp\/v2\/media\/82131"}],"wp:attachment":[{"href":"https:\/\/migracao.redenoticia.com.br\/noticia\/wp-json\/wp\/v2\/media?parent=92170"}],"wp:term":[{"taxonomy":"category","embeddable":true,"href":"https:\/\/migracao.redenoticia.com.br\/noticia\/wp-json\/wp\/v2\/categories?post=92170"},{"taxonomy":"post_tag","embeddable":true,"href":"https:\/\/migracao.redenoticia.com.br\/noticia\/wp-json\/wp\/v2\/tags?post=92170"}],"curies":[{"name":"wp","href":"https:\/\/api.w.org\/{rel}","templated":true}]}}