{"id":92175,"date":"2016-08-07T17:45:55","date_gmt":"2016-08-07T20:45:55","guid":{"rendered":"http:\/\/www.redenoticia.com.br\/noticia\/?p=92175"},"modified":"2016-08-07T18:59:45","modified_gmt":"2016-08-07T21:59:45","slug":"novela-carrossel-resumo-0608-marcelina-avisa-que-os-meninos-nao-vao-estar-la-durante-o-dia-todo","status":"publish","type":"post","link":"https:\/\/migracao.redenoticia.com.br\/noticia\/2016\/novela-carrossel-resumo-0608-marcelina-avisa-que-os-meninos-nao-vao-estar-la-durante-o-dia-todo\/92175","title":{"rendered":"Novela \u201cCarrossel\u201d resumo 08\/08: Joaquina decide montar sal\u00e3o de beleza"},"content":{"rendered":"<p><img loading=\"lazy\" decoding=\"async\" class=\"alignleft size-thumbnail wp-image-82147\" src=\"https:\/\/migracao.redenoticia.com.br\/noticia\/imagens\/Carrossel_resumo_novela_sbt-150x112.jpg\" alt=\"Carrossel_resumo_novela_sbt\" width=\"150\" height=\"112\" srcset=\"https:\/\/migracao.redenoticia.com.br\/noticia\/imagens\/Carrossel_resumo_novela_sbt-150x112.jpg 150w, https:\/\/migracao.redenoticia.com.br\/noticia\/imagens\/Carrossel_resumo_novela_sbt-265x198.jpg 265w\" sizes=\"auto, (max-width: 150px) 100vw, 150px\" \/><strong><em>Novela \u201cCarrossel\u201d resumo 08\/08<\/em><\/strong>:\u00a0Maria Joaquina convida as amigas para brincarem com ela, mas s\u00f3 Carmen aceita. A patricinha d\u00e1 a ideia de abrirem um sal\u00e3o de beleza, as meninas se animam e as duas come\u00e7am a planejar.\u00a0No dia seguinte, Carmen e Maria Joaquina convidam Marcelina e Laura para contar a novidade. A patricinha diz que quer levar o plano a s\u00e9rio e decide que o sal\u00e3o vai ser na casa abandonada. As garotas acham que n\u00e3o \u00e9 uma boa ideia montar um sal\u00e3o na sede da Patrulha Salvadora, mas Maria Joaquina n\u00e3o quer desistir. Marcelina avisa as amigas que os meninos n\u00e3o v\u00e3o estar l\u00e1 durante o dia todo.<\/p>\n<p>No cap\u00edtulo 366 (*), novela \u201cCarrossel\u201d, segunda-feira, 08 de agosto \u2013 Val\u00e9ria est\u00e1 decidida em n\u00e3o sair da \u00e1rvore. Rosa chega ao local e pede para a filha descer.\u00a0Davi explica o que aconteceu e a m\u00e3e da garota pede ajuda ao garoto, que diz que est\u00e1 tentando convenc\u00ea-la, mas ela n\u00e3o o escuta. Os homens avisam que a prefeitura modificou a obra e que n\u00e3o ir\u00e3o mais cortar a \u00e1rvore e nem desmatar a pra\u00e7a. Todos comemoram e Val\u00e9ria fica feliz por ter conseguido salvar a \u00e1rvore que \u00e9 t\u00e3o especial para ela. Rosa fica orgulhosa da filha. Maria Joaquina convida as amigas para brincarem com ela, mas s\u00f3 Carmen aceita. A patricinha d\u00e1 a ideia de abrirem um sal\u00e3o de beleza, as meninas se animam e as duas come\u00e7am a planejar. Val\u00e9ria pede desculpa a todos pelo o que aprontou, mas todos desconsideram e a parabenizam pela atitude.<\/p>\n<p>Carmen e Maria Joaquina convidam Marcelina e Laura para contar uma novidade. As meninas se animam com a ideia de montar um sal\u00e3o de beleza. A patricinha diz que quer levar o plano a s\u00e9rio e decide que o sal\u00e3o ser\u00e1 na casa abandonada. As garotas acham que n\u00e3o ser\u00e1 uma boa ideia montar um sal\u00e3o na sede da Patrulha Salvadora, mas Maria Joaquina n\u00e3o quer desistir. <\/p>\n<p>Marcelina avisa as amigas que os meninos n\u00e3o estar\u00e3o l\u00e1 durante o dia todo. Jaime, Paulo, Kokimoto, Daniel e Cirilo decidem ir jogar futebol. Os garotos v\u00e3o at\u00e9 \u00e0 casa de M\u00e1rio e o convencem a jogar junto com eles. Ao terminarem a partida, os meninos decidem ir \u00e0 casa de Cirilo fazer um lanche. <\/p>\n<p>(*) edi\u00e7\u00e3o do SBT, Novela \u201cCarrossel\u201d, sujeito a altera\u00e7\u00e3o de data e conte\u00fado.<\/p>\n","protected":false},"excerpt":{"rendered":"<p>Novela \u201cCarrossel\u201d resumo 08\/08:\u00a0Maria Joaquina convida as amigas para brincarem com ela, mas s\u00f3 Carmen aceita. A patricinha d\u00e1 a ideia de abrirem um sal\u00e3o de beleza, as meninas se animam e as duas come\u00e7am a planejar.\u00a0No dia seguinte, Carmen e Maria Joaquina convidam Marcelina e Laura para contar a novidade. A patricinha diz que [&hellip;]<\/p>\n","protected":false},"author":4,"featured_media":82147,"comment_status":"open","ping_status":"closed","sticky":false,"template":"","format":"standard","meta":{"tdm_status":"","tdm_grid_status":"","footnotes":""},"categories":[379,372,343],"tags":[441],"class_list":{"0":"post-92175","1":"post","2":"type-post","3":"status-publish","4":"format-standard","5":"has-post-thumbnail","7":"category-novelas","8":"category-sbt","9":"category-televisao","10":"tag-resumo-do-dia"},"_links":{"self":[{"href":"https:\/\/migracao.redenoticia.com.br\/noticia\/wp-json\/wp\/v2\/posts\/92175","targetHints":{"allow":["GET"]}}],"collection":[{"href":"https:\/\/migracao.redenoticia.com.br\/noticia\/wp-json\/wp\/v2\/posts"}],"about":[{"href":"https:\/\/migracao.redenoticia.com.br\/noticia\/wp-json\/wp\/v2\/types\/post"}],"author":[{"embeddable":true,"href":"https:\/\/migracao.redenoticia.com.br\/noticia\/wp-json\/wp\/v2\/users\/4"}],"replies":[{"embeddable":true,"href":"https:\/\/migracao.redenoticia.com.br\/noticia\/wp-json\/wp\/v2\/comments?post=92175"}],"version-history":[{"count":0,"href":"https:\/\/migracao.redenoticia.com.br\/noticia\/wp-json\/wp\/v2\/posts\/92175\/revisions"}],"wp:featuredmedia":[{"embeddable":true,"href":"https:\/\/migracao.redenoticia.com.br\/noticia\/wp-json\/wp\/v2\/media\/82147"}],"wp:attachment":[{"href":"https:\/\/migracao.redenoticia.com.br\/noticia\/wp-json\/wp\/v2\/media?parent=92175"}],"wp:term":[{"taxonomy":"category","embeddable":true,"href":"https:\/\/migracao.redenoticia.com.br\/noticia\/wp-json\/wp\/v2\/categories?post=92175"},{"taxonomy":"post_tag","embeddable":true,"href":"https:\/\/migracao.redenoticia.com.br\/noticia\/wp-json\/wp\/v2\/tags?post=92175"}],"curies":[{"name":"wp","href":"https:\/\/api.w.org\/{rel}","templated":true}]}}