{"id":92177,"date":"2016-08-07T18:24:39","date_gmt":"2016-08-07T21:24:39","guid":{"rendered":"http:\/\/www.redenoticia.com.br\/noticia\/?p=92177"},"modified":"2016-08-07T19:05:36","modified_gmt":"2016-08-07T22:05:36","slug":"novela-cumplices-de-um-resgate-resumo-0608-rebeca-e-manuela-descobrem-que-isabela-saiu-de-casa","status":"publish","type":"post","link":"https:\/\/migracao.redenoticia.com.br\/noticia\/2016\/novela-cumplices-de-um-resgate-resumo-0608-rebeca-e-manuela-descobrem-que-isabela-saiu-de-casa\/92177","title":{"rendered":"Novela \u201cC\u00famplices de um Resgate\u201d resumo 08\/08: Of\u00e9lio leva Isa para a mans\u00e3o"},"content":{"rendered":"<p><img loading=\"lazy\" decoding=\"async\" class=\"alignleft size-thumbnail wp-image-71351\" src=\"https:\/\/migracao.redenoticia.com.br\/noticia\/imagens\/cumplices_de_um_resgate_sbt_novela_resumo-150x112.jpg\" alt=\"cumplices_de_um_resgate_sbt_novela_resumo\" width=\"150\" height=\"112\" srcset=\"https:\/\/migracao.redenoticia.com.br\/noticia\/imagens\/cumplices_de_um_resgate_sbt_novela_resumo-150x112.jpg 150w, https:\/\/migracao.redenoticia.com.br\/noticia\/imagens\/cumplices_de_um_resgate_sbt_novela_resumo-265x198.jpg 265w\" sizes=\"auto, (max-width: 150px) 100vw, 150px\" \/><strong><em>Novela \u201cC\u00famplices de um Resgate\u201d resumo 08\/08<\/em><\/strong>:\u00a0Isabela tenta fugir pela janela, mas Manuela v\u00ea e a chama de volta. Isabela fala para sua irm\u00e3 que vai voltar para a cidade. Manuela pede que a irm\u00e3 d\u00ea uma chance ao vilarejo, por ela e sua m\u00e3e. Isabela aceita. S\u00f3 que depois, Isabela pede que Of\u00e9lio a ajude a voltar para a Mans\u00e3o. Of\u00e9lio obedece \u00e0 ordem de Isa e a leva de volta \u00e0 mans\u00e3o. De manh\u00e3, Rebeca e Manuela descobrem que Isabela saiu de casa. Marina suspeita que Of\u00e9lio a levou para a cidade.<\/p>\n<p>No cap\u00edtulo 266(*), novela \u201cC\u00famplice de um Resgate\u201d, segunda-feira, 08 de agosto \u2013 Isabela fala para Manuela que voltar\u00e1 para a cidade. Manuela pede que a irm\u00e3 d\u00ea uma chance ao vilarejo, por ela e sua m\u00e3e. Isabela aceita. Isabela pede que Of\u00e9lio a ajude a voltar para a Mans\u00e3o.<\/p>\n<p>Neuza procura por Omar no condom\u00ednio. Of\u00e9lio obedece a ordem de Isa e a leva de volta \u00e0 mans\u00e3o. De manh\u00e3, Rebeca e Manuela descobrem que Isabela saiu de casa. Fiorina reclama com o padre que seu filho est\u00e1 indo na igreja evang\u00e9lica. Lutero diz que ele tem livre-arb\u00edtrio. Marina suspeita que Of\u00e9lio levou Isabela para a cidade. Tomas mostra para Fred que na mat\u00e9ria sobre Laura est\u00e1 publicado que a mo\u00e7a \u00e9 faxineira.<\/p>\n<p>Ele pede satisfa\u00e7\u00e3o. Otavio parabeniza Fred, pois agora sua empresa est\u00e1 com fama de descobridora de talentos. Sandro pensa que agora que Laura \u00e9 modelo ela se esqueceu dele. Andr\u00e9 chega de surpresa ao ensaio da C1R, encontra Benjamin e sai chateado.<\/p>\n<p>(*) edi\u00e7\u00e3o do SBT, Novela \u201cC\u00famplices de um Resgate\u201d, sujeito a altera\u00e7\u00e3o de data e conte\u00fado.<\/p>\n","protected":false},"excerpt":{"rendered":"<p>Novela \u201cC\u00famplices de um Resgate\u201d resumo 08\/08:\u00a0Isabela tenta fugir pela janela, mas Manuela v\u00ea e a chama de volta. Isabela fala para sua irm\u00e3 que vai voltar para a cidade. Manuela pede que a irm\u00e3 d\u00ea uma chance ao vilarejo, por ela e sua m\u00e3e. Isabela aceita. S\u00f3 que depois, Isabela pede que Of\u00e9lio a [&hellip;]<\/p>\n","protected":false},"author":4,"featured_media":71351,"comment_status":"open","ping_status":"closed","sticky":false,"template":"","format":"standard","meta":{"tdm_status":"","tdm_grid_status":"","footnotes":""},"categories":[379,372,343],"tags":[441],"class_list":{"0":"post-92177","1":"post","2":"type-post","3":"status-publish","4":"format-standard","5":"has-post-thumbnail","7":"category-novelas","8":"category-sbt","9":"category-televisao","10":"tag-resumo-do-dia"},"_links":{"self":[{"href":"https:\/\/migracao.redenoticia.com.br\/noticia\/wp-json\/wp\/v2\/posts\/92177","targetHints":{"allow":["GET"]}}],"collection":[{"href":"https:\/\/migracao.redenoticia.com.br\/noticia\/wp-json\/wp\/v2\/posts"}],"about":[{"href":"https:\/\/migracao.redenoticia.com.br\/noticia\/wp-json\/wp\/v2\/types\/post"}],"author":[{"embeddable":true,"href":"https:\/\/migracao.redenoticia.com.br\/noticia\/wp-json\/wp\/v2\/users\/4"}],"replies":[{"embeddable":true,"href":"https:\/\/migracao.redenoticia.com.br\/noticia\/wp-json\/wp\/v2\/comments?post=92177"}],"version-history":[{"count":0,"href":"https:\/\/migracao.redenoticia.com.br\/noticia\/wp-json\/wp\/v2\/posts\/92177\/revisions"}],"wp:featuredmedia":[{"embeddable":true,"href":"https:\/\/migracao.redenoticia.com.br\/noticia\/wp-json\/wp\/v2\/media\/71351"}],"wp:attachment":[{"href":"https:\/\/migracao.redenoticia.com.br\/noticia\/wp-json\/wp\/v2\/media?parent=92177"}],"wp:term":[{"taxonomy":"category","embeddable":true,"href":"https:\/\/migracao.redenoticia.com.br\/noticia\/wp-json\/wp\/v2\/categories?post=92177"},{"taxonomy":"post_tag","embeddable":true,"href":"https:\/\/migracao.redenoticia.com.br\/noticia\/wp-json\/wp\/v2\/tags?post=92177"}],"curies":[{"name":"wp","href":"https:\/\/api.w.org\/{rel}","templated":true}]}}