{"id":92179,"date":"2016-08-07T18:01:28","date_gmt":"2016-08-07T21:01:28","guid":{"rendered":"http:\/\/www.redenoticia.com.br\/noticia\/?p=92179"},"modified":"2016-08-07T18:56:00","modified_gmt":"2016-08-07T21:56:00","slug":"novela-meu-coracao-e-teu-resumo-0608-ana-apelida-fernando-de-sr-pedra","status":"publish","type":"post","link":"https:\/\/migracao.redenoticia.com.br\/noticia\/2016\/novela-meu-coracao-e-teu-resumo-0608-ana-apelida-fernando-de-sr-pedra\/92179","title":{"rendered":"Novela \u201cMeu Cora\u00e7\u00e3o \u00e9 Teu\u201d resumo 08\/08: Alicia pede ao pai que perdoe Ana"},"content":{"rendered":"<p><img loading=\"lazy\" decoding=\"async\" class=\"alignleft size-thumbnail wp-image-82119\" src=\"https:\/\/migracao.redenoticia.com.br\/noticia\/imagens\/meu_coracao_e_teu_novela_resumo_sbt-150x112.jpg\" alt=\"meu_coracao_e_teu_novela_resumo_sbt\" width=\"150\" height=\"112\" srcset=\"https:\/\/migracao.redenoticia.com.br\/noticia\/imagens\/meu_coracao_e_teu_novela_resumo_sbt-150x112.jpg 150w, https:\/\/migracao.redenoticia.com.br\/noticia\/imagens\/meu_coracao_e_teu_novela_resumo_sbt-265x198.jpg 265w\" sizes=\"auto, (max-width: 150px) 100vw, 150px\" \/><strong><em>Novela \u201cMeu Cora\u00e7\u00e3o \u00e9 Teu\u201d resumo 08\/08<\/em><\/strong>:\u00a0Al\u00edcia grita de tanta felicidade, pois recebeu uma mensagem de texto de Pablo, dizendo-lhe que vai voltar ao pa\u00eds para ficar. Jennifer e Johnny decidem se casar e procuram testemunhas. Eles pedem apoio a Ana e Fernando, mas Fernando responde que n\u00e3o. Depois, Fernando diz a Bruno que Ana est\u00e1 proibida de receber visitas sociais em hor\u00e1rio de trabalho e que, caso algu\u00e9m deseje v\u00ea-la, que o avisem de imediato. Ana escreve uma carta a Fernando e a entrega, mas ele a devolve sem ao menos ter lido. Bruno informa Ana sobre a ordem que Fernando lhe deu, quanto a ela n\u00e3o poder receber visitas. Ana apelida Fernando de Sr. Pedra. Angel chega \u00e0 mans\u00e3o para ver Ana e Fernando o expulsa. Alicia pede ao pai que perdoe Ana. Depois, Fanny e Nando ajudam Ana a fazer um v\u00eddeo.<\/p>\n<p>No cap\u00edtulo 116(*), novela \u201cMeu Cora\u00e7\u00e3o \u00e9 Teu\u201d, segunda-feira, 08 de agosto \u2013 Yolanda diz a Bruno que sabe que ele segue amando Manuela, e pede que n\u00e3o deixe de lutar por ela. Fanny se desculpa com L\u00eanin por estar tensa e trat\u00e1-lo mal. Ele responde que ela \u00e9 uma princesa e eles se beijam. Leon v\u00ea a cena e fica pensativo. Leon v\u00ea Fanny e L\u00eanin se beijando. Ele consegue se controlar e aproxima-se deles pacificamente. Leon d\u00e1 uma caixa de chocolates para Fanny, diz que s\u00f3 passou para dizer-lhe que est\u00e1 bem e vai embora. Fanny e L\u00eanin ficam surpresos com a atitude de Leon. Um sistema de alarme \u00e9 instalado na mans\u00e3o e um c\u00f3digo de seguran\u00e7a \u00e9 dado a Fernando. <\/p>\n<p>Fernando est\u00e1 a ponto de ensinar a toda fam\u00edlia como mexer no alarme quando escuta um grito de Alicia. Todos sobem para ver se ela est\u00e1 bem. Alicia havia gritado porque recebeu uma mensagem de texto de Pablo, dizendo-lhe que voltar\u00e1 ao pa\u00eds para ficar. Jennifer e Johnny decidem se casar e procuram testemunhas. Eles pedem apoio a Ana e Fernando, mas Fernando responde que n\u00e3o. Alicia diz a Ana que a ajudar\u00e1 a voltar com seu pai. Fanny conta a Ana o que ocorreu com Leon e que sua conduta a surpreendeu. Fernando diz a Bruno que Ana est\u00e1 proibida de receber visitas sociais em hor\u00e1rio de trabalho e que, caso algu\u00e9m deseje v\u00ea-la, que o avisem de imediato. <\/p>\n<p>Ana escreve uma carta a Fernando e a entrega, mas ele a devolve sem ao menos ter lido. Bruno informa Ana sobre a ordem que Fernando lhe deu, quanto a ela n\u00e3o poder receber visitas. Ana apelida Fernando de \u201cSr.Pedra\u201d. Manuela sai para ir a um bar com Zeus e Bruno fica com ci\u00fames. Sebasti\u00e3o fica impressionado com a forma de dan\u00e7ar de Ana e pede que ela o leve \u00e0 escola de Johnny. \u00c2ngelo chega na mans\u00e3o para ver Ana e Fernando o expulsa. Alicia pede ao pai que perdoe Ana. Ana chega \u00e0 inaugura\u00e7\u00e3o do \u201cJohnny\u2019s Pole Dance\u201d e Jennifer diz a ela que se casar\u00e1 com Johnny, e que ela e Fernando ser\u00e3o padrinhos. Perla diz a Leon que ele \u00e9 o novo chefe do departamento de desenho gr\u00e1fico. Fanny e Nando ajudam Ana a fazer um v\u00eddeo.<\/p>\n<p>(*) edi\u00e7\u00e3o do SBT, Novela \u201cMeu Cora\u00e7\u00e3o \u00e9 Teu\u201d, sujeito a altera\u00e7\u00e3o de data e conte\u00fado.<\/p>\n","protected":false},"excerpt":{"rendered":"<p>Novela \u201cMeu Cora\u00e7\u00e3o \u00e9 Teu\u201d resumo 08\/08:\u00a0Al\u00edcia grita de tanta felicidade, pois recebeu uma mensagem de texto de Pablo, dizendo-lhe que vai voltar ao pa\u00eds para ficar. Jennifer e Johnny decidem se casar e procuram testemunhas. Eles pedem apoio a Ana e Fernando, mas Fernando responde que n\u00e3o. Depois, Fernando diz a Bruno que Ana [&hellip;]<\/p>\n","protected":false},"author":4,"featured_media":82119,"comment_status":"open","ping_status":"closed","sticky":false,"template":"","format":"standard","meta":{"tdm_status":"","tdm_grid_status":"","footnotes":""},"categories":[379,372,343],"tags":[441],"class_list":{"0":"post-92179","1":"post","2":"type-post","3":"status-publish","4":"format-standard","5":"has-post-thumbnail","7":"category-novelas","8":"category-sbt","9":"category-televisao","10":"tag-resumo-do-dia"},"_links":{"self":[{"href":"https:\/\/migracao.redenoticia.com.br\/noticia\/wp-json\/wp\/v2\/posts\/92179","targetHints":{"allow":["GET"]}}],"collection":[{"href":"https:\/\/migracao.redenoticia.com.br\/noticia\/wp-json\/wp\/v2\/posts"}],"about":[{"href":"https:\/\/migracao.redenoticia.com.br\/noticia\/wp-json\/wp\/v2\/types\/post"}],"author":[{"embeddable":true,"href":"https:\/\/migracao.redenoticia.com.br\/noticia\/wp-json\/wp\/v2\/users\/4"}],"replies":[{"embeddable":true,"href":"https:\/\/migracao.redenoticia.com.br\/noticia\/wp-json\/wp\/v2\/comments?post=92179"}],"version-history":[{"count":0,"href":"https:\/\/migracao.redenoticia.com.br\/noticia\/wp-json\/wp\/v2\/posts\/92179\/revisions"}],"wp:featuredmedia":[{"embeddable":true,"href":"https:\/\/migracao.redenoticia.com.br\/noticia\/wp-json\/wp\/v2\/media\/82119"}],"wp:attachment":[{"href":"https:\/\/migracao.redenoticia.com.br\/noticia\/wp-json\/wp\/v2\/media?parent=92179"}],"wp:term":[{"taxonomy":"category","embeddable":true,"href":"https:\/\/migracao.redenoticia.com.br\/noticia\/wp-json\/wp\/v2\/categories?post=92179"},{"taxonomy":"post_tag","embeddable":true,"href":"https:\/\/migracao.redenoticia.com.br\/noticia\/wp-json\/wp\/v2\/tags?post=92179"}],"curies":[{"name":"wp","href":"https:\/\/api.w.org\/{rel}","templated":true}]}}