{"id":92181,"date":"2016-08-07T17:28:52","date_gmt":"2016-08-07T20:28:52","guid":{"rendered":"http:\/\/www.redenoticia.com.br\/noticia\/?p=92181"},"modified":"2016-08-07T18:51:58","modified_gmt":"2016-08-07T21:51:58","slug":"novela-abismo-da-paixao-resumo-0608-elisa-diz-a-gael-que-esta-preocupada-com-paloma","status":"publish","type":"post","link":"https:\/\/migracao.redenoticia.com.br\/noticia\/2016\/novela-abismo-da-paixao-resumo-0608-elisa-diz-a-gael-que-esta-preocupada-com-paloma\/92181","title":{"rendered":"Novela \u201cAbismo da Paix\u00e3o\u201d resumo 08\/08: Elisa se preocupa com Paloma"},"content":{"rendered":"<p><img loading=\"lazy\" decoding=\"async\" class=\"alignleft size-thumbnail wp-image-81978\" src=\"https:\/\/migracao.redenoticia.com.br\/noticia\/imagens\/abismo_de_paixao_sbt_resumo_novela-150x112.jpg\" alt=\"abismo_de_paixao_sbt_resumo_novela\" width=\"150\" height=\"112\" srcset=\"https:\/\/migracao.redenoticia.com.br\/noticia\/imagens\/abismo_de_paixao_sbt_resumo_novela-150x112.jpg 150w, https:\/\/migracao.redenoticia.com.br\/noticia\/imagens\/abismo_de_paixao_sbt_resumo_novela-265x198.jpg 265w\" sizes=\"auto, (max-width: 150px) 100vw, 150px\" \/><strong><em>Novela \u201cAbismo da Paix\u00e3o\u201d resumo 08\/08<\/em><\/strong>:\u00a0Elisa diz a Dolores que vai se casar com Gael. Dolores a aconselha a pensar bem, pois sabe que ela ainda ama Dami\u00e3o. Elisa diz a Dolores que est\u00e1 convencida desse amor por Dami\u00e3o, mas Gael \u00e9 quem a ama. Depois, Dolores comenta com Carmen e Paloma que Elisa vai se casar com Gael e Paloma n\u00e3o consegue acreditar que sua melhor amiga est\u00e1 tomando o homem que ama. Mais tarde, Gael pergunta a Elisa se ela encontrou Paloma. Nesse momento, chega Paloma e diz a Elisa que ainda tem a esperan\u00e7a de que essa hist\u00f3ria n\u00e3o seja verdade. Ao ver que estava equivocada, Paloma diz que, para ela, Elisa est\u00e1 morta. Paloma chora ao chegar a sua casa e diz a Ramona que ela j\u00e1 pode ficar contente, j\u00e1 que finalmente aconteceu o que ela tanto queria. Enquanto isso, Elisa diz a Gael que est\u00e1 preocupada com Paloma, e que ambos deveriam falar com ela. Gael responde que eles v\u00e3o conversar, assim que Paloma estiver mais tranquila.<\/p>\n<p>No cap\u00edtulo 096 (*), novela \u201cAbismo da Paix\u00e3o\u201d, segunda-feira, 08 de agosto \u2013 Ramiro visita Almerinda na fazenda.\u00a0Ela o diz que Elisa e Gael invadiram a fazenda e a machucaram. Carmen e Elisa discutem, pois Elisa n\u00e3o aceita que Carmen tire as lembran\u00e7as de seu pai da casa. Elisa e Gael se encontram e ele a pede em casamento. Elisa, fragilizada, aceita. Gael apressa todos os tramites para se casar o mais r\u00e1pido poss\u00edvel com Elisa, e pede ao Padre Lupe que os case antes de ser transferido. Ingrid exige que Guido junte o dinheiro o mais r\u00e1pido poss\u00edvel para que assim ela o entregue as provas de que quem fraudou a processadora foi Ramiro.<\/p>\n<p>Dolores visita Hor\u00e1cio na cadeia, para perguntar lhe sobre a morte de Augusto, j\u00e1 que o Padre Lupe pensa que Carmen foi quem o matou. Hor\u00e1cio pede a Dolores que ela se afaste da fazenda, j\u00e1 que Carmen e Ramiro s\u00e3o muito maus. Carmen se surpreende quando Elisa comenta por telefone que se casar\u00e1 dentro de tr\u00eas semanas com Gael.\u00a0Elisa diz a Dolores que se casar\u00e1 com Gael. Dolores a aconselha a pensar bem, pois sabe que ela ainda ama Dami\u00e3o. Elisa diz a Dolores que est\u00e1 convencida desse amor por Dami\u00e3o, mas Gael \u00e9 quem a ama. Dolores comenta com Carmen e Paloma que Elisa se casar\u00e1 com Gael. Paloma n\u00e3o consegue acreditar que sua melhor amiga est\u00e1 \u201ctomando\u201d o homem que ama. Dolores diz a Carmen que transferiram Hor\u00e1cio para outro pres\u00eddio, mas que falou com ele antes. Carmen assustada pergunta o que eles falaram.<\/p>\n<p>Dolores pede que ela n\u00e3o se preocupe, que dela n\u00e3o falaram nada. Na processadora, Lucio pede a Ramiro que mostre o papel onde dizem que Augusto lhe vendeu suas terras. Ramiro se nega, dizendo lhe que no momento n\u00e3o o t\u00eam. Na Igreja, Dami\u00e3o comenta com Padre Lupe que ir\u00e1 viver na capital com sua esposa. Seu tio o diz que n\u00e3o est\u00e1 de acordo. Gael pergunta a Elisa se ela encontrou Paloma. Nesse momento chega Paloma e diz a Elisa que ainda tem a esperan\u00e7a de que essa hist\u00f3ria n\u00e3o seja verdade. Ao ver que estava equivocada, Paloma diz que para ela Elisa est\u00e1 morta. O Padre Lupe agradece Lucio, Elisa e Gael por tentarem intervir em sua transfer\u00eancia, mas que agora ele mesmo passou a aceitar a sua mudan\u00e7a. Paloma chega chorando em sua casa e diz a Ramona que ela j\u00e1 pode ficar contente, j\u00e1 que finalmente aconteceu o que ela tanto queria. Elisa diz a Gael que est\u00e1 preocupada com Paloma, e que ambos deveriam falar com ela. Gael responde que eles o far\u00e3o assim que Paloma estiver mais tranquila. Lucio diz a Malu que queria que eles tivessem uma rela\u00e7\u00e3o mais pr\u00f3xima, j\u00e1 que Elisa ir\u00e1 se casar e ele ficar\u00e1 s\u00f3.<\/p>\n<p>(*) edi\u00e7\u00e3o do SBT, Novela \u201cAbismo da Paix\u00e3o\u201d, sujeito a altera\u00e7\u00e3o de data e conte\u00fado.<\/p>\n","protected":false},"excerpt":{"rendered":"<p>Novela \u201cAbismo da Paix\u00e3o\u201d resumo 08\/08:\u00a0Elisa diz a Dolores que vai se casar com Gael. Dolores a aconselha a pensar bem, pois sabe que ela ainda ama Dami\u00e3o. Elisa diz a Dolores que est\u00e1 convencida desse amor por Dami\u00e3o, mas Gael \u00e9 quem a ama. Depois, Dolores comenta com Carmen e Paloma que Elisa vai [&hellip;]<\/p>\n","protected":false},"author":4,"featured_media":81978,"comment_status":"open","ping_status":"closed","sticky":false,"template":"","format":"standard","meta":{"tdm_status":"","tdm_grid_status":"","footnotes":""},"categories":[379,372,343],"tags":[441],"class_list":{"0":"post-92181","1":"post","2":"type-post","3":"status-publish","4":"format-standard","5":"has-post-thumbnail","7":"category-novelas","8":"category-sbt","9":"category-televisao","10":"tag-resumo-do-dia"},"_links":{"self":[{"href":"https:\/\/migracao.redenoticia.com.br\/noticia\/wp-json\/wp\/v2\/posts\/92181","targetHints":{"allow":["GET"]}}],"collection":[{"href":"https:\/\/migracao.redenoticia.com.br\/noticia\/wp-json\/wp\/v2\/posts"}],"about":[{"href":"https:\/\/migracao.redenoticia.com.br\/noticia\/wp-json\/wp\/v2\/types\/post"}],"author":[{"embeddable":true,"href":"https:\/\/migracao.redenoticia.com.br\/noticia\/wp-json\/wp\/v2\/users\/4"}],"replies":[{"embeddable":true,"href":"https:\/\/migracao.redenoticia.com.br\/noticia\/wp-json\/wp\/v2\/comments?post=92181"}],"version-history":[{"count":0,"href":"https:\/\/migracao.redenoticia.com.br\/noticia\/wp-json\/wp\/v2\/posts\/92181\/revisions"}],"wp:featuredmedia":[{"embeddable":true,"href":"https:\/\/migracao.redenoticia.com.br\/noticia\/wp-json\/wp\/v2\/media\/81978"}],"wp:attachment":[{"href":"https:\/\/migracao.redenoticia.com.br\/noticia\/wp-json\/wp\/v2\/media?parent=92181"}],"wp:term":[{"taxonomy":"category","embeddable":true,"href":"https:\/\/migracao.redenoticia.com.br\/noticia\/wp-json\/wp\/v2\/categories?post=92181"},{"taxonomy":"post_tag","embeddable":true,"href":"https:\/\/migracao.redenoticia.com.br\/noticia\/wp-json\/wp\/v2\/tags?post=92181"}],"curies":[{"name":"wp","href":"https:\/\/api.w.org\/{rel}","templated":true}]}}