{"id":92225,"date":"2016-08-07T19:04:31","date_gmt":"2016-08-07T22:04:31","guid":{"rendered":"http:\/\/www.redenoticia.com.br\/noticia\/?p=92225"},"modified":"2016-08-07T19:04:58","modified_gmt":"2016-08-07T22:04:58","slug":"novela-velho-chico-resumo-0808","status":"publish","type":"post","link":"https:\/\/migracao.redenoticia.com.br\/noticia\/2016\/novela-velho-chico-resumo-0808\/92225","title":{"rendered":"Novela \u201cVelho Chico\u201d resumo 08\/08: Santo tenta fugir dos disparos"},"content":{"rendered":"<p><img loading=\"lazy\" decoding=\"async\" class=\"alignleft size-thumbnail wp-image-82169\" src=\"https:\/\/migracao.redenoticia.com.br\/noticia\/imagens\/velho_chico_novela_resumo_globo-150x112.jpg\" alt=\"velho_chico_novela_resumo_globo\" width=\"150\" height=\"112\" srcset=\"https:\/\/migracao.redenoticia.com.br\/noticia\/imagens\/velho_chico_novela_resumo_globo-150x112.jpg 150w, https:\/\/migracao.redenoticia.com.br\/noticia\/imagens\/velho_chico_novela_resumo_globo-265x198.jpg 265w\" sizes=\"auto, (max-width: 150px) 100vw, 150px\" \/><strong><em>Novela \u201cVelho Chico\u201d resumo 08\/08<\/em><\/strong>:\u00a0Santo e Tereza se encontram \u00e0s margens do rio ao nascer do dia. Eles se despedem. Tereza sai com sua \u00e9gua na frente.\u00a0Depois de um tempo, Santo monta em seu cavalo. Em casa, Piedade sente um aperto e tem certeza que algo aconteceu ao filho. Seu desespero deixa as netas agoniadas. Piedade tem raz\u00e3o ao ter um mau pressentimento, pois Santo sofre um atentado. Ferido, ele mergulha no rio S\u00e3o Francisco na tentativa de fugir dos disparos. Ele se debate, emerge quase morto e desaparece. Santo \u00e9 levado pela correnteza do rio. Mais tarde, Miguel e Tereza encontram o cavalo de Santo com uma marca de sangue.<\/p>\n<p>No cap\u00edtulo 126(*), novela \u201cVelho Chico\u201d, segunda-feira, 08 de agosto \u2013 Piedade tem um mau pressentimento com Santo. Santo \u00e9 levado pela correnteza do rio. <\/p>\n<p>Martim comenta com o delegado Germano sobre a presen\u00e7a do homem que amea\u00e7ou Santo. Dalva avisa a Tereza que C\u00edcero desapareceu depois de falar com Carlos. C\u00edcero visita o t\u00famulo de Clemente. Carlos flagra Dalva em seu quarto. <\/p>\n<p>Carlos afirma a Afr\u00e2nio que n\u00e3o ter\u00e1 mais problemas com Tereza. Miguel alerta Tereza sobre o desaparecimento de Santo. Martim diz a Bento que C\u00edcero contou o que sabe sobre o homem da foto. Tereza e Miguel encontram o cavalo de Santo.<\/p>\n<p>(*) edi\u00e7\u00e3o da Rede Globo, Novela \u201cVelho Chico\u201d, sujeito a altera\u00e7\u00e3o de data e conte\u00fado.<\/p>\n","protected":false},"excerpt":{"rendered":"<p>Novela \u201cVelho Chico\u201d resumo 08\/08:\u00a0Santo e Tereza se encontram \u00e0s margens do rio ao nascer do dia. Eles se despedem. Tereza sai com sua \u00e9gua na frente.\u00a0Depois de um tempo, Santo monta em seu cavalo. Em casa, Piedade sente um aperto e tem certeza que algo aconteceu ao filho. Seu desespero deixa as netas agoniadas. [&hellip;]<\/p>\n","protected":false},"author":4,"featured_media":82169,"comment_status":"open","ping_status":"closed","sticky":false,"template":"","format":"standard","meta":{"tdm_status":"","tdm_grid_status":"","footnotes":""},"categories":[379,375,343],"tags":[441],"class_list":{"0":"post-92225","1":"post","2":"type-post","3":"status-publish","4":"format-standard","5":"has-post-thumbnail","7":"category-novelas","8":"category-rede-globo","9":"category-televisao","10":"tag-resumo-do-dia"},"_links":{"self":[{"href":"https:\/\/migracao.redenoticia.com.br\/noticia\/wp-json\/wp\/v2\/posts\/92225","targetHints":{"allow":["GET"]}}],"collection":[{"href":"https:\/\/migracao.redenoticia.com.br\/noticia\/wp-json\/wp\/v2\/posts"}],"about":[{"href":"https:\/\/migracao.redenoticia.com.br\/noticia\/wp-json\/wp\/v2\/types\/post"}],"author":[{"embeddable":true,"href":"https:\/\/migracao.redenoticia.com.br\/noticia\/wp-json\/wp\/v2\/users\/4"}],"replies":[{"embeddable":true,"href":"https:\/\/migracao.redenoticia.com.br\/noticia\/wp-json\/wp\/v2\/comments?post=92225"}],"version-history":[{"count":0,"href":"https:\/\/migracao.redenoticia.com.br\/noticia\/wp-json\/wp\/v2\/posts\/92225\/revisions"}],"wp:featuredmedia":[{"embeddable":true,"href":"https:\/\/migracao.redenoticia.com.br\/noticia\/wp-json\/wp\/v2\/media\/82169"}],"wp:attachment":[{"href":"https:\/\/migracao.redenoticia.com.br\/noticia\/wp-json\/wp\/v2\/media?parent=92225"}],"wp:term":[{"taxonomy":"category","embeddable":true,"href":"https:\/\/migracao.redenoticia.com.br\/noticia\/wp-json\/wp\/v2\/categories?post=92225"},{"taxonomy":"post_tag","embeddable":true,"href":"https:\/\/migracao.redenoticia.com.br\/noticia\/wp-json\/wp\/v2\/tags?post=92225"}],"curies":[{"name":"wp","href":"https:\/\/api.w.org\/{rel}","templated":true}]}}