{"id":92229,"date":"2016-08-07T18:51:02","date_gmt":"2016-08-07T21:51:02","guid":{"rendered":"http:\/\/www.redenoticia.com.br\/noticia\/?p=92229"},"modified":"2016-08-07T19:01:51","modified_gmt":"2016-08-07T22:01:51","slug":"novela-eta-mundo-bom-resumo-0808-claudinho-diz-que-seu-pai-saiu-de-casa-muito-preocupado","status":"publish","type":"post","link":"https:\/\/migracao.redenoticia.com.br\/noticia\/2016\/novela-eta-mundo-bom-resumo-0808-claudinho-diz-que-seu-pai-saiu-de-casa-muito-preocupado\/92229","title":{"rendered":"Novela \u201cEta Mundo Bom\u201d resumo 08\/08: Claudinho emociona o tribunal"},"content":{"rendered":"<p><img loading=\"lazy\" decoding=\"async\" class=\"alignleft size-thumbnail wp-image-82131\" src=\"https:\/\/migracao.redenoticia.com.br\/noticia\/imagens\/eta_mundo_bom_globo_novela_resumo-150x112.jpg\" alt=\"eta_mundo_bom_globo_novela_resumo\" width=\"150\" height=\"112\" srcset=\"https:\/\/migracao.redenoticia.com.br\/noticia\/imagens\/eta_mundo_bom_globo_novela_resumo-150x112.jpg 150w, https:\/\/migracao.redenoticia.com.br\/noticia\/imagens\/eta_mundo_bom_globo_novela_resumo-265x198.jpg 265w\" sizes=\"auto, (max-width: 150px) 100vw, 150px\" \/><strong><em>Novela \u201cEta Mundo Bom\u201d resumo 08\/08<\/em><\/strong>: chega o dia do julgamento de Sandra e Anast\u00e1cia. Sandra mente durante o depoimento. Faustino, advogado de Sandra consegue desqualificar o depoimento de Anast\u00e1cia e de algumas testemunhas que estavam ali para ajuda-la. Enquanto isso, Alice visita o amigo Cl\u00e1udio. A amizade dos dois n\u00e3o \u00e9 abalada, e a menina continua a dizer que \u00e9 uma fada para ajud\u00e1-lo em sua recupera\u00e7\u00e3o. Os dois conversam e Claudinho diz que seu pai saiu de casa muito preocupado devido ao testemunho no julgamento de Sandra. Alice aproveita o momento e conta a Cl\u00e1udio o motivo de n\u00e3o gostar mais de Ara\u00fajo. Ela diz que o pai dele fez uma coisa muito errada e vai fazer mais ainda, pois ele vai mentir. Ele vai falar contra dona Anast\u00e1cia, a senhora que sempre cuidou da Maria e dela. Cl\u00e1udio n\u00e3o quer acreditar, pois seu pai sempre o ensinou a ser honesto. Ent\u00e3o, o menino pede para Olga leva-lo ao tribunal. Ele chega justamente na hora do depoimento do pai.<\/p>\n<p>No cap\u00edtulo 175(*), novela \u201cEta Mundo Bom\u201d, segunda-feira, 08 de agosto \u2013 Sandra mente durante o depoimento. Cl\u00e1udio pede a Olga para levar Alice para v\u00ea-lo. Faustino consegue desqualificar o depoimento de Anast\u00e1cia. Romeu e Sarita tomam banho juntos no rio.<\/p>\n<p>Um dos peritos afirma que os documentos indicados no processo n\u00e3o foram falsificados. Haroldo dep\u00f5e contra Anast\u00e1cia. Faustino tenta ridicularizar o depoimento de Candinho.<\/p>\n<p>Alice conta a Cl\u00e1udio o motivo de n\u00e3o gostar mais de Ara\u00fajo. Faustino distorce todos os depoimentos favor\u00e1veis a Anast\u00e1cia. Cl\u00e1udio invade o tribunal no momento em que Ara\u00fajo inicia seu depoimento.<\/p>\n<p>(*) edi\u00e7\u00e3o da Rede Globo, Novela \u201cEta Mundo Bom\u201d, sujeito a altera\u00e7\u00e3o de data e conte\u00fado.<\/p>\n","protected":false},"excerpt":{"rendered":"<p>Novela \u201cEta Mundo Bom\u201d resumo 08\/08: chega o dia do julgamento de Sandra e Anast\u00e1cia. Sandra mente durante o depoimento. Faustino, advogado de Sandra consegue desqualificar o depoimento de Anast\u00e1cia e de algumas testemunhas que estavam ali para ajuda-la. Enquanto isso, Alice visita o amigo Cl\u00e1udio. A amizade dos dois n\u00e3o \u00e9 abalada, e a [&hellip;]<\/p>\n","protected":false},"author":4,"featured_media":82131,"comment_status":"open","ping_status":"closed","sticky":false,"template":"","format":"standard","meta":{"tdm_status":"","tdm_grid_status":"","footnotes":""},"categories":[379,375,343],"tags":[441],"class_list":{"0":"post-92229","1":"post","2":"type-post","3":"status-publish","4":"format-standard","5":"has-post-thumbnail","7":"category-novelas","8":"category-rede-globo","9":"category-televisao","10":"tag-resumo-do-dia"},"_links":{"self":[{"href":"https:\/\/migracao.redenoticia.com.br\/noticia\/wp-json\/wp\/v2\/posts\/92229","targetHints":{"allow":["GET"]}}],"collection":[{"href":"https:\/\/migracao.redenoticia.com.br\/noticia\/wp-json\/wp\/v2\/posts"}],"about":[{"href":"https:\/\/migracao.redenoticia.com.br\/noticia\/wp-json\/wp\/v2\/types\/post"}],"author":[{"embeddable":true,"href":"https:\/\/migracao.redenoticia.com.br\/noticia\/wp-json\/wp\/v2\/users\/4"}],"replies":[{"embeddable":true,"href":"https:\/\/migracao.redenoticia.com.br\/noticia\/wp-json\/wp\/v2\/comments?post=92229"}],"version-history":[{"count":0,"href":"https:\/\/migracao.redenoticia.com.br\/noticia\/wp-json\/wp\/v2\/posts\/92229\/revisions"}],"wp:featuredmedia":[{"embeddable":true,"href":"https:\/\/migracao.redenoticia.com.br\/noticia\/wp-json\/wp\/v2\/media\/82131"}],"wp:attachment":[{"href":"https:\/\/migracao.redenoticia.com.br\/noticia\/wp-json\/wp\/v2\/media?parent=92229"}],"wp:term":[{"taxonomy":"category","embeddable":true,"href":"https:\/\/migracao.redenoticia.com.br\/noticia\/wp-json\/wp\/v2\/categories?post=92229"},{"taxonomy":"post_tag","embeddable":true,"href":"https:\/\/migracao.redenoticia.com.br\/noticia\/wp-json\/wp\/v2\/tags?post=92229"}],"curies":[{"name":"wp","href":"https:\/\/api.w.org\/{rel}","templated":true}]}}