{"id":9239,"date":"2009-08-20T12:15:48","date_gmt":"2009-08-20T16:15:48","guid":{"rendered":"http:\/\/www.redenoticia.com.br\/noticia\/?p=9239"},"modified":"2009-08-20T12:15:48","modified_gmt":"2009-08-20T16:15:48","slug":"lyoto-machida-wanderley-silva-e-thiago-silva-no-ufc-sem-limites","status":"publish","type":"post","link":"https:\/\/migracao.redenoticia.com.br\/noticia\/2009\/lyoto-machida-wanderley-silva-e-thiago-silva-no-ufc-sem-limites\/9239","title":{"rendered":"Lyoto Machida, Wanderley Silva e Thiago Silva no UFC &#8211; Sem Limites"},"content":{"rendered":"<p>A sele\u00e7\u00e3o de lutas que ser\u00e1 exibida neste s\u00e1bado, dia 22, no UFC &#8211; Sem Limites, que come\u00e7a \u00e0s 23h30, na Rede TV, \u00e9 para quem gosta de grandes embates. O programa apresenta o confronto do brasileiro Lyoto Machida contra o pol\u00eamico e talentoso americano Tito Ortiz. Mostra ainda o desafio de Wanderley Silva contra Keith Jardine, o duelo entre os brasileiros Thiago Silva contra Ant\u00f4nio Samurai e a luta de Jon Koppenhaver contra Yoshiuki Yoshida.<\/p>\n<p>O UFC &#8211; Sem Limites abre o programa com a sensacional luta de Wanderley Silva e Keith Jardine. Os lutadores encontravam-se na seguinte situa\u00e7\u00e3o: Jardine havia derrotado Chuck Liddel, que, por sua vez, havia derrotado Wanderley Silva. Ou seja: o brasileiro precisa muito vencer para continuar a ser uma pe\u00e7a importante na categoria meio pesado. J\u00e1 o americano Jardine, tinha tudo para se consolidar como o grande nome da categoria.<\/p>\n<p>A segunda luta do programa \u00e9 um embate muito t\u00e9cnico envolvendo Jon Koppenhaver, dos Estados Unidos, contra Yoshiuki Yoshida, do Jap\u00e3o. Depois, um encontro de brasileiros. Thiago Silva, que estava h\u00e1 12 lutas sem perder, teve pela frente o estreante Ant\u00f4nio Samuray, que estreava na competi\u00e7\u00e3o.<\/p>\n<p>Para o fim, o melhor do UFC 84. O encontro de Lyoto Machida com Tito Ortiz foi uma aula para os f\u00e3s das artes marciais mistas. O confronto de t\u00e9cnicas e de estilos era evidente e foi isso que norteou todo o confronto.<\/p>\n<p>O UFC &#8211; Sem Limites \u00e9 apresentado por Cris Lyra, com coment\u00e1rios de Fernando Navarro e Eduardo Grimaldi. A narra\u00e7\u00e3o \u00e9 de Marco T\u00falio Reis.<\/p>\n","protected":false},"excerpt":{"rendered":"<p>A sele\u00e7\u00e3o de lutas que ser\u00e1 exibida neste s\u00e1bado, dia 22, no UFC &#8211; Sem Limites, que come\u00e7a \u00e0s 23h30, na Rede TV, \u00e9 para quem gosta de grandes embates. O programa apresenta o confronto do brasileiro Lyoto Machida contra o pol\u00eamico e talentoso americano Tito Ortiz. Mostra ainda o desafio de Wanderley Silva contra [&hellip;]<\/p>\n","protected":false},"author":3,"featured_media":0,"comment_status":"open","ping_status":"open","sticky":false,"template":"","format":"standard","meta":{"tdm_status":"","tdm_grid_status":"","footnotes":""},"categories":[22,343],"tags":[],"class_list":{"0":"post-9239","1":"post","2":"type-post","3":"status-publish","4":"format-standard","6":"category-brasil","7":"category-televisao"},"_links":{"self":[{"href":"https:\/\/migracao.redenoticia.com.br\/noticia\/wp-json\/wp\/v2\/posts\/9239","targetHints":{"allow":["GET"]}}],"collection":[{"href":"https:\/\/migracao.redenoticia.com.br\/noticia\/wp-json\/wp\/v2\/posts"}],"about":[{"href":"https:\/\/migracao.redenoticia.com.br\/noticia\/wp-json\/wp\/v2\/types\/post"}],"author":[{"embeddable":true,"href":"https:\/\/migracao.redenoticia.com.br\/noticia\/wp-json\/wp\/v2\/users\/3"}],"replies":[{"embeddable":true,"href":"https:\/\/migracao.redenoticia.com.br\/noticia\/wp-json\/wp\/v2\/comments?post=9239"}],"version-history":[{"count":0,"href":"https:\/\/migracao.redenoticia.com.br\/noticia\/wp-json\/wp\/v2\/posts\/9239\/revisions"}],"wp:attachment":[{"href":"https:\/\/migracao.redenoticia.com.br\/noticia\/wp-json\/wp\/v2\/media?parent=9239"}],"wp:term":[{"taxonomy":"category","embeddable":true,"href":"https:\/\/migracao.redenoticia.com.br\/noticia\/wp-json\/wp\/v2\/categories?post=9239"},{"taxonomy":"post_tag","embeddable":true,"href":"https:\/\/migracao.redenoticia.com.br\/noticia\/wp-json\/wp\/v2\/tags?post=9239"}],"curies":[{"name":"wp","href":"https:\/\/api.w.org\/{rel}","templated":true}]}}