{"id":9242,"date":"2009-08-20T15:14:00","date_gmt":"2009-08-20T19:14:00","guid":{"rendered":"http:\/\/www.redenoticia.com.br\/noticia\/?p=9242"},"modified":"2009-08-20T16:59:06","modified_gmt":"2009-08-20T20:59:06","slug":"acumulado-de-chuva-ultrapassa-a-media-do-mes-em-sao-carlos-sp","status":"publish","type":"post","link":"https:\/\/migracao.redenoticia.com.br\/noticia\/2009\/acumulado-de-chuva-ultrapassa-a-media-do-mes-em-sao-carlos-sp\/9242","title":{"rendered":"Acumulado de chuva ultrapassa a m\u00e9dia do m\u00eas em S\u00e3o Carlos &#8211; SP"},"content":{"rendered":"<p>A frente fria que mudou o tempo em S\u00e3o Paulo esta semana j\u00e1 provocou muita chuva por todo o Estado. De acordo com a Climatempo Meteorologia, na capital, e em muitas \u00e1reas do interior paulista, a quantidade de chuva acumulada desde a \u00faltima segunda-feira j\u00e1 \u00e9 muito maior do que o normal para o m\u00eas de agosto.\u00a0<\/p>\n<p>Segundo o Instituto Nacional de meteorologia, em S\u00e3o Carlos, no norte do Estado, choveu 105 mil\u00edmetros entre 9 horas da manh\u00e3 de ter\u00e7a-feira e 9 horas desta quinta-feira, tr\u00eas vezes mais do que a m\u00e9dia que \u00e9 de aproximadamente 31 mil\u00edmetros. Em Presidente Prudente, no oeste de S\u00e3o Paulo, foram acumulados quase 117 mil\u00edmetros entre a manh\u00e3 de segunda-feira e o come\u00e7o da manh\u00e3 desta quinta-feira.<\/p>\n<p>Na capital, entre ter\u00e7a-feira e quarta-feira, choveu 41,5 mil\u00edmetros, valor maior do que a m\u00e9dia de chuva para a agosto que \u00e9 de aproximadamente 37 mil\u00edmetros. Hoje, a frente fria ainda deve ficar perto do litoral de S\u00e3o Paulo mantendo as condi\u00e7\u00f5es de chuva em todas as regi\u00f5es. A situa\u00e7\u00e3o ainda \u00e9 de alerta, por conta do risco de temporais, especialmente em localidades do centro-sul e do leste do Estado, incluindo a Grande S\u00e3o Paulo.<\/p>\n<p>A partir de sexta-feira, a chuva diminui e a temperatura cai mais em todo o Estado. O sol reaparece em quase todo o Estado no fim de semana, mas vai esfriar. As madrugadas devem ser frias. Na capital, no litoral, nos vales do Para\u00edba e do Ribeira, o s\u00e1bado ser\u00e1 nublado, mas com pouca chuva. No domingo, apesar da expectativa de sol, a chuva pode voltar a partir da tarde.<\/p>\n<p>Sobre o Grupo Climatempo<\/p>\n<p>O Grupo Climatempo \u00e9 a maior empresa privada de meteorologia do pa\u00eds. Uma holding formada pela Climatempo Consultoria, Ag\u00eancia Climatempo, a TV Climatempo e a CLIMANET (Internet, servi\u00e7os de tecnologia e inform\u00e1tica). Atualmente, o Grupo Climatempo fornece conte\u00fado para os principais portais do pa\u00eds, mais de 50 retransmissoras de televis\u00e3o do Brasil, r\u00e1dios e tem cerca de mil clientes. Os dois principais segmentos atendidos s\u00e3o o de agroneg\u00f3cios e meios de comunica\u00e7\u00e3o. Al\u00e9m destes, fornece conte\u00fado meteorol\u00f3gico estrat\u00e9gico para produtoras, a ind\u00fastria eletroeletr\u00f4nica e t\u00eaxtil, com\u00e9rcio, moda e turismo, constru\u00e7\u00e3o civil, setor de energia, entre outros setores.<\/p>\n","protected":false},"excerpt":{"rendered":"<p>A frente fria que mudou o tempo em S\u00e3o Paulo esta semana j\u00e1 provocou muita chuva por todo o Estado. De acordo com a Climatempo Meteorologia, na capital, e em muitas \u00e1reas do interior paulista, a quantidade de chuva acumulada desde a \u00faltima segunda-feira j\u00e1 \u00e9 muito maior do que o normal para o m\u00eas [&hellip;]<\/p>\n","protected":false},"author":3,"featured_media":0,"comment_status":"open","ping_status":"open","sticky":false,"template":"","format":"standard","meta":{"tdm_status":"","tdm_grid_status":"","footnotes":""},"categories":[22,327],"tags":[],"class_list":{"0":"post-9242","1":"post","2":"type-post","3":"status-publish","4":"format-standard","6":"category-brasil","7":"category-clima"},"_links":{"self":[{"href":"https:\/\/migracao.redenoticia.com.br\/noticia\/wp-json\/wp\/v2\/posts\/9242","targetHints":{"allow":["GET"]}}],"collection":[{"href":"https:\/\/migracao.redenoticia.com.br\/noticia\/wp-json\/wp\/v2\/posts"}],"about":[{"href":"https:\/\/migracao.redenoticia.com.br\/noticia\/wp-json\/wp\/v2\/types\/post"}],"author":[{"embeddable":true,"href":"https:\/\/migracao.redenoticia.com.br\/noticia\/wp-json\/wp\/v2\/users\/3"}],"replies":[{"embeddable":true,"href":"https:\/\/migracao.redenoticia.com.br\/noticia\/wp-json\/wp\/v2\/comments?post=9242"}],"version-history":[{"count":0,"href":"https:\/\/migracao.redenoticia.com.br\/noticia\/wp-json\/wp\/v2\/posts\/9242\/revisions"}],"wp:attachment":[{"href":"https:\/\/migracao.redenoticia.com.br\/noticia\/wp-json\/wp\/v2\/media?parent=9242"}],"wp:term":[{"taxonomy":"category","embeddable":true,"href":"https:\/\/migracao.redenoticia.com.br\/noticia\/wp-json\/wp\/v2\/categories?post=9242"},{"taxonomy":"post_tag","embeddable":true,"href":"https:\/\/migracao.redenoticia.com.br\/noticia\/wp-json\/wp\/v2\/tags?post=9242"}],"curies":[{"name":"wp","href":"https:\/\/api.w.org\/{rel}","templated":true}]}}