{"id":9245,"date":"2009-08-20T15:16:24","date_gmt":"2009-08-20T19:16:24","guid":{"rendered":"http:\/\/www.redenoticia.com.br\/noticia\/?p=9245"},"modified":"2009-08-20T15:16:24","modified_gmt":"2009-08-20T19:16:24","slug":"eng-comemora-12-anos-de-treinamentos-na-plataforma-flash","status":"publish","type":"post","link":"https:\/\/migracao.redenoticia.com.br\/noticia\/2009\/eng-comemora-12-anos-de-treinamentos-na-plataforma-flash\/9245","title":{"rendered":"ENG comemora 12 anos de treinamentos na plataforma FLASH"},"content":{"rendered":"<p>Empresa pioneira em transfer\u00eancia em tecnologia treinou mais de 15 mil profissionais em FLASH desde Agosto de 1997<\/p>\n<p>A ENG DTP &amp; Multim\u00eddia foi a primeira empresa do setor a oferecer capacita\u00e7\u00e3o e certifica\u00e7\u00e3o na tecnologia Adobe FLASH, quando a ferramenta chegou ao pa\u00eds para mudar o jeito como as anima\u00e7\u00f5es na web eram criadas. Agora, a empresa comemora 12 anos como o principal centro de treinamento em Flash e anuncia novas turmas para a plataforma, que agora passa a ter o Flex incorporado \u00e0 su\u00edte.<\/p>\n<p>Da evolu\u00e7\u00e3o do FLASH no processo de cria\u00e7\u00e3o de sistemas corporativos surgiu o FLEX, tecnologia tem a ENG como centro de capacita\u00e7\u00e3o desde, com turmas ininterruptas em S\u00e3o Paulo, Curitiba e Bras\u00edlia e com grandes cases de sucesso, tais como a SANGARI (portal multim\u00eddia para ensino), Ita\u00fa Cultural (postal sobre a Bossa-Nova), BANCOOB (com sistemas de gest\u00e3o banc\u00e1ria integrando diversas tecnologias) e SEBRAE-PR (com sistemas de cruzamentos de dados estat\u00edsticos sobre empresas no Paran\u00e1 e no Brasil).<\/p>\n<p>Para o mundo do ensino \u00e0 dist\u00e2ncia, a plataforma Adobe Flash oferece solu\u00e7\u00f5es como o Adobe Connect, que, al\u00e9m de criar conte\u00fado em tempo recorde, tamb\u00e9m propicia a Web-Confer\u00eancia com \u00e1udio, v\u00eddeo e troca de arquivos em tempo real e com elevado n\u00edvel de colabora\u00e7\u00e3o, incluindo o uso de aplica\u00e7\u00f5es compartilhado por v\u00e1rias pessoas ao mesmo tempo. Para esta ferramenta de e-Learning a ENG j\u00e1 capacitou mais de 200 t\u00e9cnicos focados em coordenar atividades de EAD na plataforma FLASH e Adobe Connect.<\/p>\n<p>Os treinamentos ministrados pela ENG s\u00e3o oficiais e d\u00e3o direito ao certificado ADOBE, bil\u00edng\u00fce \u00e9 reconhecido em todo o mundo.<\/p>\n<p>\u201cUm dos grandes diferenciais da ENG \u00e9 o Atestado de Profici\u00eancia, oferecido aos alunos que entregam um projeto-piloto e que obt\u00e9m nota superior a 7.0 na prova final, tamb\u00e9m aplicada pela ENG\u201d, conta \u00c1lvaro Venegas, diretor da empresa. \u201cPor conta disso, dezenas de empresas enviam suas vagas de emprego para o site da ENG, onde explicitam a necessidade de forma\u00e7\u00e3o na ENG e do Atestado de Profici\u00eancia de nossa empresa\u201d, acrescenta.<\/p>\n<p>Pr\u00f3ximas turmas:<\/p>\n<p>&#8211; FLASH: 14 de Setembro em S\u00e3o Paulo, Curitiba e Bras\u00edlia;<\/p>\n<p>&#8211; FLEX : 09 de Setembro em Bras\u00edlia \/ 12 de Setembro em S\u00e3o Paulo \/ 28 de Setembro em Curitiba;<\/p>\n<p>&#8211; CONNECT: 24 de Setembro em S\u00e3o Paulo, Curitiba e Bras\u00edlia.<\/p>\n<p>A ENG oferece seus treinamentos nos hor\u00e1rios diurno, noturno e s\u00e1bados, al\u00e9m de turmas\u00a0in company, modelo aplicado para empresas como INPE, NOKIA, HP, SENAC-GO, UNIMED-MT, entre outras.<\/p>\n<p>Mais informa\u00e7\u00f5es e inscri\u00e7\u00f5es:\u00a0<a href=\"http:\/\/www.eng.com.br\" target=\"_blank\">http:\/\/www.eng.com.br<\/a><\/p>\n","protected":false},"excerpt":{"rendered":"<p>Empresa pioneira em transfer\u00eancia em tecnologia treinou mais de 15 mil profissionais em FLASH desde Agosto de 1997 A ENG DTP &amp; Multim\u00eddia foi a primeira empresa do setor a oferecer capacita\u00e7\u00e3o e certifica\u00e7\u00e3o na tecnologia Adobe FLASH, quando a ferramenta chegou ao pa\u00eds para mudar o jeito como as anima\u00e7\u00f5es na web eram criadas. [&hellip;]<\/p>\n","protected":false},"author":2,"featured_media":0,"comment_status":"open","ping_status":"open","sticky":false,"template":"","format":"standard","meta":{"tdm_status":"","tdm_grid_status":"","footnotes":""},"categories":[22],"tags":[],"class_list":{"0":"post-9245","1":"post","2":"type-post","3":"status-publish","4":"format-standard","6":"category-brasil"},"_links":{"self":[{"href":"https:\/\/migracao.redenoticia.com.br\/noticia\/wp-json\/wp\/v2\/posts\/9245","targetHints":{"allow":["GET"]}}],"collection":[{"href":"https:\/\/migracao.redenoticia.com.br\/noticia\/wp-json\/wp\/v2\/posts"}],"about":[{"href":"https:\/\/migracao.redenoticia.com.br\/noticia\/wp-json\/wp\/v2\/types\/post"}],"author":[{"embeddable":true,"href":"https:\/\/migracao.redenoticia.com.br\/noticia\/wp-json\/wp\/v2\/users\/2"}],"replies":[{"embeddable":true,"href":"https:\/\/migracao.redenoticia.com.br\/noticia\/wp-json\/wp\/v2\/comments?post=9245"}],"version-history":[{"count":0,"href":"https:\/\/migracao.redenoticia.com.br\/noticia\/wp-json\/wp\/v2\/posts\/9245\/revisions"}],"wp:attachment":[{"href":"https:\/\/migracao.redenoticia.com.br\/noticia\/wp-json\/wp\/v2\/media?parent=9245"}],"wp:term":[{"taxonomy":"category","embeddable":true,"href":"https:\/\/migracao.redenoticia.com.br\/noticia\/wp-json\/wp\/v2\/categories?post=9245"},{"taxonomy":"post_tag","embeddable":true,"href":"https:\/\/migracao.redenoticia.com.br\/noticia\/wp-json\/wp\/v2\/tags?post=9245"}],"curies":[{"name":"wp","href":"https:\/\/api.w.org\/{rel}","templated":true}]}}