{"id":9247,"date":"2009-08-20T15:19:08","date_gmt":"2009-08-20T19:19:08","guid":{"rendered":"http:\/\/www.redenoticia.com.br\/noticia\/?p=9247"},"modified":"2009-08-20T15:19:08","modified_gmt":"2009-08-20T19:19:08","slug":"boletim-medico-de-anselmo-duarte-em-2008-as-15-horas","status":"publish","type":"post","link":"https:\/\/migracao.redenoticia.com.br\/noticia\/2009\/boletim-medico-de-anselmo-duarte-em-2008-as-15-horas\/9247","title":{"rendered":"Boletim m\u00e9dico de Anselmo Duarte em 20\/08 as 15 horas"},"content":{"rendered":"<p>Evolui de forma est\u00e1vel o quadro cl\u00ednico do ator e diretor de cinema Anselmo Duarte, 89 anos, internado no Incor (Instituto do Cora\u00e7\u00e3o do Hospital das Cl\u00ednicas da FMUSP), desde o dia 18 de agosto, para avalia\u00e7\u00e3o e tratamento cardiol\u00f3gico e urol\u00f3gico.<\/p>\n<p>Ao longo desta quarta-feira (19),\u00a0\u00a0Anselmo Duarte submeteu-se\u00a0a exames laboratoriais\u00a0\u00a0e de imagem (ecocardiograma e ultrassom de abdome total). Os resultados confirmaram que o paciente foi acometimento recentemente de infarto agudo do mioc\u00e1rdio de grau moderado.<\/p>\n<p>Identificaram ainda altera\u00e7\u00e3o na parede da bexiga como potencial causa do sangramento por via urinaria \u2013 sintoma que motivou a interna\u00e7\u00e3o do paciente no HU (Hospital Universit\u00e1rio), de onde veio transferido para o Incor.<\/p>\n<p>A investiga\u00e7\u00e3o da les\u00e3o na bexiga prosseguir\u00e1, nesta quinta-feira (20), com a realiza\u00e7\u00e3o de tomografia e, caso seja necess\u00e1rio, exames complementares.<\/p>\n<p>Nas \u00faltimas 24 horas, o paciente evoluiu com melhora da fun\u00e7\u00e3o card\u00edaca e respirat\u00f3ria e estabilidade na fun\u00e7\u00e3o renal, ainda comprometida pelo sangramento por via urin\u00e1ria.<\/p>\n<p>Novo boletim m\u00e9dico ser\u00e1 divulgado nesta sexta-feira (21\/8), a partir das 12h.<\/p>\n","protected":false},"excerpt":{"rendered":"<p>Evolui de forma est\u00e1vel o quadro cl\u00ednico do ator e diretor de cinema Anselmo Duarte, 89 anos, internado no Incor (Instituto do Cora\u00e7\u00e3o do Hospital das Cl\u00ednicas da FMUSP), desde o dia 18 de agosto, para avalia\u00e7\u00e3o e tratamento cardiol\u00f3gico e urol\u00f3gico. Ao longo desta quarta-feira (19),\u00a0\u00a0Anselmo Duarte submeteu-se\u00a0a exames laboratoriais\u00a0\u00a0e de imagem (ecocardiograma e [&hellip;]<\/p>\n","protected":false},"author":2,"featured_media":0,"comment_status":"open","ping_status":"open","sticky":false,"template":"","format":"standard","meta":{"tdm_status":"","tdm_grid_status":"","footnotes":""},"categories":[22,5],"tags":[],"class_list":{"0":"post-9247","1":"post","2":"type-post","3":"status-publish","4":"format-standard","6":"category-brasil","7":"category-saude-e-vida"},"_links":{"self":[{"href":"https:\/\/migracao.redenoticia.com.br\/noticia\/wp-json\/wp\/v2\/posts\/9247","targetHints":{"allow":["GET"]}}],"collection":[{"href":"https:\/\/migracao.redenoticia.com.br\/noticia\/wp-json\/wp\/v2\/posts"}],"about":[{"href":"https:\/\/migracao.redenoticia.com.br\/noticia\/wp-json\/wp\/v2\/types\/post"}],"author":[{"embeddable":true,"href":"https:\/\/migracao.redenoticia.com.br\/noticia\/wp-json\/wp\/v2\/users\/2"}],"replies":[{"embeddable":true,"href":"https:\/\/migracao.redenoticia.com.br\/noticia\/wp-json\/wp\/v2\/comments?post=9247"}],"version-history":[{"count":0,"href":"https:\/\/migracao.redenoticia.com.br\/noticia\/wp-json\/wp\/v2\/posts\/9247\/revisions"}],"wp:attachment":[{"href":"https:\/\/migracao.redenoticia.com.br\/noticia\/wp-json\/wp\/v2\/media?parent=9247"}],"wp:term":[{"taxonomy":"category","embeddable":true,"href":"https:\/\/migracao.redenoticia.com.br\/noticia\/wp-json\/wp\/v2\/categories?post=9247"},{"taxonomy":"post_tag","embeddable":true,"href":"https:\/\/migracao.redenoticia.com.br\/noticia\/wp-json\/wp\/v2\/tags?post=9247"}],"curies":[{"name":"wp","href":"https:\/\/api.w.org\/{rel}","templated":true}]}}