{"id":92475,"date":"2016-08-10T20:42:13","date_gmt":"2016-08-10T23:42:13","guid":{"rendered":"http:\/\/www.redenoticia.com.br\/noticia\/?p=92475"},"modified":"2016-08-10T14:44:37","modified_gmt":"2016-08-10T17:44:37","slug":"novela-a-terra-prometida-resumo-1108-josue-afirma-que-aca-e-suspeito-de-traicao","status":"publish","type":"post","link":"https:\/\/migracao.redenoticia.com.br\/noticia\/2016\/novela-a-terra-prometida-resumo-1108-josue-afirma-que-aca-e-suspeito-de-traicao\/92475","title":{"rendered":"Novela \u201cA Terra Prometida\u201d resumo 11\/08: Josu\u00e9 afirma que Ac\u00e3 \u00e9 suspeito de trai\u00e7\u00e3o"},"content":{"rendered":"<p><img loading=\"lazy\" decoding=\"async\" class=\"alignleft size-thumbnail wp-image-89446\" src=\"https:\/\/migracao.redenoticia.com.br\/noticia\/imagens\/a-terra-prometida-novela-record-resumo-150x112.jpg\" alt=\"a-terra-prometida-novela-record-resumo\" width=\"150\" height=\"112\" srcset=\"https:\/\/migracao.redenoticia.com.br\/noticia\/imagens\/a-terra-prometida-novela-record-resumo-150x112.jpg 150w, https:\/\/migracao.redenoticia.com.br\/noticia\/imagens\/a-terra-prometida-novela-record-resumo-265x198.jpg 265w\" sizes=\"auto, (max-width: 150px) 100vw, 150px\" \/><strong><em>Novela \u201cA Terra Prometida\u201d resumo 11\/08<\/em><\/strong>: Melquias diz ter um traidor no acampamento. Ac\u00e3 tenta culpar El\u00f3i. Josu\u00e9 afirma que Ac\u00e3 tamb\u00e9m \u00e9 suspeito, pois o vil\u00e3o esteve no local onde El\u00f3i foi torturado. El\u00f3i diz que o melhor a fazer \u00e9 deixar o acampamento. Ion\u00e1 declara seu amor ao criado. Josu\u00e9 avisa que prender\u00e1 El\u00f3i. Calebe o alerta dizendo que a puni\u00e7\u00e3o para a trai\u00e7\u00e3o deve ser a morte. Melquias discursa para os hebreus na pra\u00e7a do mercado. Ele diz que El\u00f3i deve ser punido coma morte. <\/p>\n<p>No capitulo 027(*), novela \u201cA Terra Prometida\u201d, quinta-feira, 11 de agosto &#8211; em conversa com Raabe, Milah diz estar preocupada com o filho. Os Lagartos Gosmentos atiram pedras nos soldados. O grupo de crian\u00e7as de rua decidem recuar ao ver Tibar se aproximar com dezenas de soldados. Zuma se revolta com a chegada das crian\u00e7as na masmorra. Tibar alerta Kalesi e Marek sobre a poss\u00edvel f\u00faria do povo. Josu\u00e9 afirma que Ac\u00e3 tamb\u00e9m \u00e9 suspeito, pois o vil\u00e3o esteve no local onde El\u00f3i foi torturado. Sama mostra algumas roupinhas de beb\u00eas que ela fez e pede para Ruth entregar \u00e0 Einat. <\/p>\n<p>Bo\u00e3 agradece o apoio da mo\u00e7a. Maquir diz que fugir\u00e1 com Livana. El\u00f3i diz que o melhor a fazer \u00e9 deixar o acampamento. Ion\u00e1 declara seu amor ao criado. Josu\u00e9 avisa que prender\u00e1 El\u00f3i. Calebe o alerta dizendo que a puni\u00e7\u00e3o para a trai\u00e7\u00e3o deve ser a morte. Ac\u00e3 avisa que Josu\u00e9 n\u00e3o far\u00e1 justi\u00e7a. Revoltado, Melquias se levanta e diz que ir\u00e1 atr\u00e1s de El\u00f3i. Salmon o impede e diz que Josu\u00e9 dever\u00e1 decidir. Gibar chega por tr\u00e1s, com uma jarra de barro, e acerta Salmon na cabe\u00e7a, que cai desacordado. <\/p>\n<p>Ac\u00e3 e os filhos deixam a tenda hospital determinados. Darda, Chaia e Jesana tentam socorrer Salmon. Com Milah, Raabe procura pelo irm\u00e3o. Galimedes tenta salvar Nob\u00e1 e acaba sendo preso. Na masmorra do pal\u00e1cio, o l\u00edder dos Lagartos Gosmentos \u00e9 preso junto a Zuma. L\u00e9ia diz para Samara que \u00e9 preciso achar o ponto fraco de Aruna. Ion\u00e1 lamenta a situa\u00e7\u00e3o de El\u00f3i. Melquias discursa para os hebreus na pra\u00e7a do mercado. Ele diz que El\u00f3i deve ser punido coma morte. Jesana avisa Josu\u00e9 sobre a atitude do filho de Ac\u00e3. <\/p>\n<p>(*) edi\u00e7\u00e3o da Rede Record, Novela \u201cA Terra Prometida\u201d, sujeito a altera\u00e7\u00e3o de data e conte\u00fado.<\/p>\n","protected":false},"excerpt":{"rendered":"<p>Novela \u201cA Terra Prometida\u201d resumo 11\/08: Melquias diz ter um traidor no acampamento. Ac\u00e3 tenta culpar El\u00f3i. Josu\u00e9 afirma que Ac\u00e3 tamb\u00e9m \u00e9 suspeito, pois o vil\u00e3o esteve no local onde El\u00f3i foi torturado. El\u00f3i diz que o melhor a fazer \u00e9 deixar o acampamento. Ion\u00e1 declara seu amor ao criado. Josu\u00e9 avisa que prender\u00e1 [&hellip;]<\/p>\n","protected":false},"author":2,"featured_media":89446,"comment_status":"open","ping_status":"closed","sticky":false,"template":"","format":"standard","meta":{"tdm_status":"","tdm_grid_status":"","footnotes":""},"categories":[446,379,371,343],"tags":[441],"class_list":{"0":"post-92475","1":"post","2":"type-post","3":"status-publish","4":"format-standard","5":"has-post-thumbnail","7":"category-a-terra-prometida","8":"category-novelas","9":"category-rede-record","10":"category-televisao","11":"tag-resumo-do-dia"},"_links":{"self":[{"href":"https:\/\/migracao.redenoticia.com.br\/noticia\/wp-json\/wp\/v2\/posts\/92475","targetHints":{"allow":["GET"]}}],"collection":[{"href":"https:\/\/migracao.redenoticia.com.br\/noticia\/wp-json\/wp\/v2\/posts"}],"about":[{"href":"https:\/\/migracao.redenoticia.com.br\/noticia\/wp-json\/wp\/v2\/types\/post"}],"author":[{"embeddable":true,"href":"https:\/\/migracao.redenoticia.com.br\/noticia\/wp-json\/wp\/v2\/users\/2"}],"replies":[{"embeddable":true,"href":"https:\/\/migracao.redenoticia.com.br\/noticia\/wp-json\/wp\/v2\/comments?post=92475"}],"version-history":[{"count":0,"href":"https:\/\/migracao.redenoticia.com.br\/noticia\/wp-json\/wp\/v2\/posts\/92475\/revisions"}],"wp:featuredmedia":[{"embeddable":true,"href":"https:\/\/migracao.redenoticia.com.br\/noticia\/wp-json\/wp\/v2\/media\/89446"}],"wp:attachment":[{"href":"https:\/\/migracao.redenoticia.com.br\/noticia\/wp-json\/wp\/v2\/media?parent=92475"}],"wp:term":[{"taxonomy":"category","embeddable":true,"href":"https:\/\/migracao.redenoticia.com.br\/noticia\/wp-json\/wp\/v2\/categories?post=92475"},{"taxonomy":"post_tag","embeddable":true,"href":"https:\/\/migracao.redenoticia.com.br\/noticia\/wp-json\/wp\/v2\/tags?post=92475"}],"curies":[{"name":"wp","href":"https:\/\/api.w.org\/{rel}","templated":true}]}}