{"id":9252,"date":"2009-08-20T15:21:53","date_gmt":"2009-08-20T19:21:53","guid":{"rendered":"http:\/\/www.redenoticia.com.br\/noticia\/?p=9252"},"modified":"2009-08-20T15:21:53","modified_gmt":"2009-08-20T19:21:53","slug":"hoje-2008-criancas-dao-dicas-de-educacao-no-transito-aos-motoristas-na-via-dutra","status":"publish","type":"post","link":"https:\/\/migracao.redenoticia.com.br\/noticia\/2009\/hoje-2008-criancas-dao-dicas-de-educacao-no-transito-aos-motoristas-na-via-dutra\/9252","title":{"rendered":"Hoje (20\/08), crian\u00e7as d\u00e3o dicas de educa\u00e7\u00e3o no tr\u00e2nsito aos motoristas na via Dutra"},"content":{"rendered":"<p>Os motoristas que trafegarem hoje (20) pela via Dutra, na regi\u00e3o do Vale do Para\u00edba, receber\u00e3o li\u00e7\u00f5es de tr\u00e2nsito e cidadania de crian\u00e7as participantes do Programa Estrada para a Cidadania, realizado pela CCR NovaDutra. A a\u00e7\u00e3o Crian\u00e7as Amigas da Estrada acontece no posto\u00a0da Pol\u00edcia Rodovi\u00e1ria Federal,\u00a0localizado no km 78, sentido Rio-SP, em Roseira (SP).<\/p>\n<p>O evento conta com a parceria da Pol\u00edcia Rodovi\u00e1ria Federal\u00a0(PRF) e abranger\u00e1 20 alunos e 10 professores dos munic\u00edpios de Taubat\u00e9, Pindamonhangaba, Aparecida, Guaratinguet\u00e1 e Roseira. Duas turmas se revezar\u00e3o das 09h00 \u00e0s 12h00 e das 14h00 \u00e0s 16h00.<\/p>\n<p>Criada como atividade complementar do Programa Estrada para a Cidadania, a a\u00e7\u00e3o visa proporcionar uma viv\u00eancia real do espa\u00e7o tr\u00e2nsito da rodovia para as crian\u00e7as que est\u00e3o recebendo informa\u00e7\u00f5es sobre tr\u00e2nsito e cidadania em suas salas de aula. Em 2009 o Programa beneficia 75.000 alunos da rede municipal de ensino fundamental e envolve em torno de 3.000 educadores, em 34 munic\u00edpios\u00a0servidos\u00a0pela rodovia Presidente Dutra.<\/p>\n<p>Durante a blitz educativa, a equipe do SOS Usu\u00e1rio da CCR NovaDutra estar\u00e1 no local oferecendo uma avalia\u00e7\u00e3o m\u00e9dica para os motoristas, atrav\u00e9s de exames de glicemia\u00a0 e colesterol, medi\u00e7\u00e3o da press\u00e3o arterial e avalia\u00e7\u00e3o de risco card\u00edaco.<\/p>\n<p>Para a realiza\u00e7\u00e3o desta a\u00e7\u00e3o do Programa Estrada para a Cidadania, a CCR NovaDutra conta com a parceira da Pol\u00edcia Rodovi\u00e1ria Federal, Escola de Enfermagem Dr. Benedito Meireles, de Guaratinguet\u00e1 (SP), e Secretarias Municipais de Taubat\u00e9, Pindamonhangaba, Aparecida, Guaratinguet\u00e1 e Roseira.<\/p>\n<p>Blitz A\u00e7\u00e3o Crian\u00e7as Amigas da Estrada<\/p>\n<p>Data: Hoje (20\/08) das 09h00 \u00e0s 12h00 e das 14h00 \u00e0s 16h00.<\/p>\n<p>Local: Base da Pol\u00edcia Rodovi\u00e1ria Federal em Roseira (SP)<\/p>\n<p>Rodovia Presidente Dutra, km 78, pista sentido Rio-SP.<\/p>\n","protected":false},"excerpt":{"rendered":"<p>Os motoristas que trafegarem hoje (20) pela via Dutra, na regi\u00e3o do Vale do Para\u00edba, receber\u00e3o li\u00e7\u00f5es de tr\u00e2nsito e cidadania de crian\u00e7as participantes do Programa Estrada para a Cidadania, realizado pela CCR NovaDutra. A a\u00e7\u00e3o Crian\u00e7as Amigas da Estrada acontece no posto\u00a0da Pol\u00edcia Rodovi\u00e1ria Federal,\u00a0localizado no km 78, sentido Rio-SP, em Roseira (SP). O [&hellip;]<\/p>\n","protected":false},"author":2,"featured_media":0,"comment_status":"open","ping_status":"open","sticky":false,"template":"","format":"standard","meta":{"tdm_status":"","tdm_grid_status":"","footnotes":""},"categories":[22],"tags":[],"class_list":{"0":"post-9252","1":"post","2":"type-post","3":"status-publish","4":"format-standard","6":"category-brasil"},"_links":{"self":[{"href":"https:\/\/migracao.redenoticia.com.br\/noticia\/wp-json\/wp\/v2\/posts\/9252","targetHints":{"allow":["GET"]}}],"collection":[{"href":"https:\/\/migracao.redenoticia.com.br\/noticia\/wp-json\/wp\/v2\/posts"}],"about":[{"href":"https:\/\/migracao.redenoticia.com.br\/noticia\/wp-json\/wp\/v2\/types\/post"}],"author":[{"embeddable":true,"href":"https:\/\/migracao.redenoticia.com.br\/noticia\/wp-json\/wp\/v2\/users\/2"}],"replies":[{"embeddable":true,"href":"https:\/\/migracao.redenoticia.com.br\/noticia\/wp-json\/wp\/v2\/comments?post=9252"}],"version-history":[{"count":0,"href":"https:\/\/migracao.redenoticia.com.br\/noticia\/wp-json\/wp\/v2\/posts\/9252\/revisions"}],"wp:attachment":[{"href":"https:\/\/migracao.redenoticia.com.br\/noticia\/wp-json\/wp\/v2\/media?parent=9252"}],"wp:term":[{"taxonomy":"category","embeddable":true,"href":"https:\/\/migracao.redenoticia.com.br\/noticia\/wp-json\/wp\/v2\/categories?post=9252"},{"taxonomy":"post_tag","embeddable":true,"href":"https:\/\/migracao.redenoticia.com.br\/noticia\/wp-json\/wp\/v2\/tags?post=9252"}],"curies":[{"name":"wp","href":"https:\/\/api.w.org\/{rel}","templated":true}]}}