{"id":92537,"date":"2016-08-10T21:00:05","date_gmt":"2016-08-11T00:00:05","guid":{"rendered":"http:\/\/www.redenoticia.com.br\/noticia\/?p=92537"},"modified":"2016-08-12T00:02:25","modified_gmt":"2016-08-12T03:02:25","slug":"novela-velho-chico-resumo-1108-carlos-atende-o-telefone-de-afranio-para-falar-com-queiroz","status":"publish","type":"post","link":"https:\/\/migracao.redenoticia.com.br\/noticia\/2016\/novela-velho-chico-resumo-1108-carlos-atende-o-telefone-de-afranio-para-falar-com-queiroz\/92537","title":{"rendered":"Novela \u201cVelho Chico\u201d resumo 11\/08: Piedade enfrenta Encarna\u00e7\u00e3o"},"content":{"rendered":"<p><img loading=\"lazy\" decoding=\"async\" class=\"alignleft size-thumbnail wp-image-82169\" src=\"https:\/\/migracao.redenoticia.com.br\/noticia\/imagens\/velho_chico_novela_resumo_globo-150x112.jpg\" alt=\"velho_chico_novela_resumo_globo\" width=\"150\" height=\"112\" srcset=\"https:\/\/migracao.redenoticia.com.br\/noticia\/imagens\/velho_chico_novela_resumo_globo-150x112.jpg 150w, https:\/\/migracao.redenoticia.com.br\/noticia\/imagens\/velho_chico_novela_resumo_globo-265x198.jpg 265w\" sizes=\"auto, (max-width: 150px) 100vw, 150px\" \/><strong><em>Novela \u201cVelho Chico\u201d resumo 11\/08<\/em><\/strong>:\u00a0Padre Ben\u00edcio leva Piedade para conversar com Encarna\u00e7\u00e3o e a lembra que ela prometeu manter a paz na conversa com a rival. Piedade diz que errou quando acreditou na palavra de Encarna\u00e7\u00e3o. A senhora, no entanto, nega a responsabilidade da fam\u00edlia no atentado contra o agricultor. Ela diz que tem erros e muitos pecados, mas o sumi\u00e7o de Santo n\u00e3o \u00e9 um deles e que n\u00e3o tem mando nem dedo de sua fam\u00edlia por tr\u00e1s dessa trag\u00e9dia. S\u00f3 que Encarna\u00e7\u00e3o n\u00e3o sabe que Carlos Eduardo \u00e9 o respons\u00e1vel pelo atentado. Piedade pergunta se ela tem certeza e Encarna\u00e7\u00e3o diz que acredita em sua fam\u00edlia. Ent\u00e3o, Piedade a manda tomar cuidado, pois pelo visto ela n\u00e3o conhece nem a pr\u00f3pria fam\u00edlia.<\/p>\n<p>No cap\u00edtulo 129(*), novela \u201cVelho Chico\u201d, quinta-feira, 11 de agosto \u2013 Lucas e Chico Criatura tentam conter os cooperados. Bento se enfurece e Piedade se assusta. Queiroz tenta atrapalhar o depoimento de Tereza. Martim pede para Sophie conter Miguel. <\/p>\n<p>Luzia ofende Tereza na delegacia. Queiroz avisa a Afr\u00e2nio sobre o sumi\u00e7o de Santo. Tereza acusa Afr\u00e2nio de ser o culpado pelo desaparecimento de Santo. Dalva enfrenta Tereza para defender C\u00edcero. Carlos afirma a Afr\u00e2nio que ningu\u00e9m conseguir\u00e1 provas contra eles. <\/p>\n<p>Ol\u00edvia e Padre Ben\u00edcio repreendem Luzia por incitar o povo a fazer justi\u00e7a com as pr\u00f3prias m\u00e3os. Bento se prepara para falar com os cooperados. Tereza pede para acompanhar Bento nas buscas a Santo. C\u00edcero procura Dalva. Padre Ben\u00edcio leva Piedade para conversar com Encarna\u00e7\u00e3o.  <\/p>\n<p>(*) edi\u00e7\u00e3o da Rede Globo, Novela \u201cVelho Chico\u201d, sujeito a altera\u00e7\u00e3o de data e conte\u00fado.<\/p>\n","protected":false},"excerpt":{"rendered":"<p>Novela \u201cVelho Chico\u201d resumo 11\/08:\u00a0Padre Ben\u00edcio leva Piedade para conversar com Encarna\u00e7\u00e3o e a lembra que ela prometeu manter a paz na conversa com a rival. Piedade diz que errou quando acreditou na palavra de Encarna\u00e7\u00e3o. A senhora, no entanto, nega a responsabilidade da fam\u00edlia no atentado contra o agricultor. Ela diz que tem erros [&hellip;]<\/p>\n","protected":false},"author":4,"featured_media":82169,"comment_status":"open","ping_status":"closed","sticky":false,"template":"","format":"standard","meta":{"tdm_status":"","tdm_grid_status":"","footnotes":""},"categories":[379,375,343],"tags":[441],"class_list":{"0":"post-92537","1":"post","2":"type-post","3":"status-publish","4":"format-standard","5":"has-post-thumbnail","7":"category-novelas","8":"category-rede-globo","9":"category-televisao","10":"tag-resumo-do-dia"},"_links":{"self":[{"href":"https:\/\/migracao.redenoticia.com.br\/noticia\/wp-json\/wp\/v2\/posts\/92537","targetHints":{"allow":["GET"]}}],"collection":[{"href":"https:\/\/migracao.redenoticia.com.br\/noticia\/wp-json\/wp\/v2\/posts"}],"about":[{"href":"https:\/\/migracao.redenoticia.com.br\/noticia\/wp-json\/wp\/v2\/types\/post"}],"author":[{"embeddable":true,"href":"https:\/\/migracao.redenoticia.com.br\/noticia\/wp-json\/wp\/v2\/users\/4"}],"replies":[{"embeddable":true,"href":"https:\/\/migracao.redenoticia.com.br\/noticia\/wp-json\/wp\/v2\/comments?post=92537"}],"version-history":[{"count":0,"href":"https:\/\/migracao.redenoticia.com.br\/noticia\/wp-json\/wp\/v2\/posts\/92537\/revisions"}],"wp:featuredmedia":[{"embeddable":true,"href":"https:\/\/migracao.redenoticia.com.br\/noticia\/wp-json\/wp\/v2\/media\/82169"}],"wp:attachment":[{"href":"https:\/\/migracao.redenoticia.com.br\/noticia\/wp-json\/wp\/v2\/media?parent=92537"}],"wp:term":[{"taxonomy":"category","embeddable":true,"href":"https:\/\/migracao.redenoticia.com.br\/noticia\/wp-json\/wp\/v2\/categories?post=92537"},{"taxonomy":"post_tag","embeddable":true,"href":"https:\/\/migracao.redenoticia.com.br\/noticia\/wp-json\/wp\/v2\/tags?post=92537"}],"curies":[{"name":"wp","href":"https:\/\/api.w.org\/{rel}","templated":true}]}}