{"id":92541,"date":"2016-08-10T18:30:41","date_gmt":"2016-08-10T21:30:41","guid":{"rendered":"http:\/\/www.redenoticia.com.br\/noticia\/?p=92541"},"modified":"2016-08-10T16:08:57","modified_gmt":"2016-08-10T19:08:57","slug":"novela-eta-mundo-bom-resumo-1108-anastacia-compra-um-vestido-de-noiva-para-maria","status":"publish","type":"post","link":"https:\/\/migracao.redenoticia.com.br\/noticia\/2016\/novela-eta-mundo-bom-resumo-1108-anastacia-compra-um-vestido-de-noiva-para-maria\/92541","title":{"rendered":"Novela \u201cEta Mundo Bom\u201d resumo 11\/08: Maria ganha vestido de noiva"},"content":{"rendered":"<p><img loading=\"lazy\" decoding=\"async\" class=\"alignleft size-thumbnail wp-image-82131\" src=\"https:\/\/migracao.redenoticia.com.br\/noticia\/imagens\/eta_mundo_bom_globo_novela_resumo-150x112.jpg\" alt=\"eta_mundo_bom_globo_novela_resumo\" width=\"150\" height=\"112\" srcset=\"https:\/\/migracao.redenoticia.com.br\/noticia\/imagens\/eta_mundo_bom_globo_novela_resumo-150x112.jpg 150w, https:\/\/migracao.redenoticia.com.br\/noticia\/imagens\/eta_mundo_bom_globo_novela_resumo-265x198.jpg 265w\" sizes=\"auto, (max-width: 150px) 100vw, 150px\" \/><strong><em>Novela \u201cEta Mundo Bom\u201d resumo 11\/08<\/em><\/strong>:\u00a0Maria marca a data de seu casamento com Celso. Juntos v\u00e3o at\u00e9 ao apartamento de Severo e Maria pede ao pai que a leve ao altar e ouve um n\u00e3o do ex-comerciante. Ele \u00e9 rude com a jovem. Severo afirma que a filha vai casar por interesse. Celso fica indignado e afirma que se casa com Maria de qualquer maneira, e que o convite foi uma gentileza. Maria fica revoltada, chora e joga na cara do pai tudo o que fez por ele. Neste momento, Diana se intromete na conversa e revela que Severo est\u00e1 com vergonha por mal conseguir andar. Contrariado, ele aceita entrar com a Maria na igreja usando uma bengala e, ainda, a chama de filha. Maria sai do apartamento do pai muito feliz. Mais tarde, Anast\u00e1cia conta a Maria que Alice foi a respons\u00e1vel por sua vit\u00f3ria no processo contra Sandra. Anast\u00e1cia compra um vestido de noiva para Maria.<\/p>\n<p>No cap\u00edtulo 178(*), novela \u201cEta Mundo Bom\u201d, quinta-feira, 11 de agosto \u2013 todos ficam felizes com a chegada de Candinho. Severo tenta convencer Celso a desistir de se casar com Maria.<\/p>\n<p>Anast\u00e1cia, Alice e Pirulito visitam Cl\u00e1udio. Maria confessa a Celso que planejou a reaproxima\u00e7\u00e3o de Severo e Diana. Anast\u00e1cia conta a Maria que Alice foi a respons\u00e1vel por sua vit\u00f3ria no processo contra Sandra.<\/p>\n<p>Gerusa volta do hospital. Anast\u00e1cia compra um vestido de noiva para Maria. Filomena pede para conversar com Candinho antes de irem embora da fazenda.<\/p>\n<p>(*) edi\u00e7\u00e3o da Rede Globo, Novela \u201cEta Mundo Bom\u201d, sujeito a altera\u00e7\u00e3o de data e conte\u00fado.<\/p>\n","protected":false},"excerpt":{"rendered":"<p>Novela \u201cEta Mundo Bom\u201d resumo 11\/08:\u00a0Maria marca a data de seu casamento com Celso. Juntos v\u00e3o at\u00e9 ao apartamento de Severo e Maria pede ao pai que a leve ao altar e ouve um n\u00e3o do ex-comerciante. Ele \u00e9 rude com a jovem. Severo afirma que a filha vai casar por interesse. Celso fica indignado [&hellip;]<\/p>\n","protected":false},"author":4,"featured_media":82131,"comment_status":"open","ping_status":"closed","sticky":false,"template":"","format":"standard","meta":{"tdm_status":"","tdm_grid_status":"","footnotes":""},"categories":[379,375,343],"tags":[441],"class_list":{"0":"post-92541","1":"post","2":"type-post","3":"status-publish","4":"format-standard","5":"has-post-thumbnail","7":"category-novelas","8":"category-rede-globo","9":"category-televisao","10":"tag-resumo-do-dia"},"_links":{"self":[{"href":"https:\/\/migracao.redenoticia.com.br\/noticia\/wp-json\/wp\/v2\/posts\/92541","targetHints":{"allow":["GET"]}}],"collection":[{"href":"https:\/\/migracao.redenoticia.com.br\/noticia\/wp-json\/wp\/v2\/posts"}],"about":[{"href":"https:\/\/migracao.redenoticia.com.br\/noticia\/wp-json\/wp\/v2\/types\/post"}],"author":[{"embeddable":true,"href":"https:\/\/migracao.redenoticia.com.br\/noticia\/wp-json\/wp\/v2\/users\/4"}],"replies":[{"embeddable":true,"href":"https:\/\/migracao.redenoticia.com.br\/noticia\/wp-json\/wp\/v2\/comments?post=92541"}],"version-history":[{"count":0,"href":"https:\/\/migracao.redenoticia.com.br\/noticia\/wp-json\/wp\/v2\/posts\/92541\/revisions"}],"wp:featuredmedia":[{"embeddable":true,"href":"https:\/\/migracao.redenoticia.com.br\/noticia\/wp-json\/wp\/v2\/media\/82131"}],"wp:attachment":[{"href":"https:\/\/migracao.redenoticia.com.br\/noticia\/wp-json\/wp\/v2\/media?parent=92541"}],"wp:term":[{"taxonomy":"category","embeddable":true,"href":"https:\/\/migracao.redenoticia.com.br\/noticia\/wp-json\/wp\/v2\/categories?post=92541"},{"taxonomy":"post_tag","embeddable":true,"href":"https:\/\/migracao.redenoticia.com.br\/noticia\/wp-json\/wp\/v2\/tags?post=92541"}],"curies":[{"name":"wp","href":"https:\/\/api.w.org\/{rel}","templated":true}]}}