{"id":92545,"date":"2016-08-10T21:00:45","date_gmt":"2016-08-11T00:00:45","guid":{"rendered":"http:\/\/www.redenoticia.com.br\/noticia\/?p=92545"},"modified":"2016-08-10T16:06:52","modified_gmt":"2016-08-10T19:06:52","slug":"novela-a-garota-da-moto-resumo-1108-joana-e-ivan-se-encontram","status":"publish","type":"post","link":"https:\/\/migracao.redenoticia.com.br\/noticia\/2016\/novela-a-garota-da-moto-resumo-1108-joana-e-ivan-se-encontram\/92545","title":{"rendered":"Novela \u201cA Garota da Moto\u201d resumo 11\/08: Joana e Ivan se desencontram"},"content":{"rendered":"<p><img loading=\"lazy\" decoding=\"async\" class=\"alignleft size-thumbnail wp-image-90196\" src=\"https:\/\/migracao.redenoticia.com.br\/noticia\/imagens\/A_Garota_da_Moto_SBT_Resumo_Novela-150x112.jpg\" alt=\"A_Garota_da_Moto_SBT_Resumo_Novela\" width=\"150\" height=\"112\" srcset=\"https:\/\/migracao.redenoticia.com.br\/noticia\/imagens\/A_Garota_da_Moto_SBT_Resumo_Novela-150x112.jpg 150w, https:\/\/migracao.redenoticia.com.br\/noticia\/imagens\/A_Garota_da_Moto_SBT_Resumo_Novela-265x198.jpg 265w\" sizes=\"auto, (max-width: 150px) 100vw, 150px\" \/><strong><em>Novela \u201cA Garota da Moto\u201d resumo 11\/08<\/em><\/strong>:\u00a0Ivan acredita que Joana \u00e9 a sua \u00fanica pista para desvendar os casos de Miguel e Duda. Ent\u00e3o, ele vai atr\u00e1s dela e se encontram no Botec\u00e3o. H\u00e1 eletricidade nesse encontro. Um desconfia do outro e, ao mesmo tempo, um fica fortemente atra\u00eddo pelo outro. Ivan tenta marcar um encontro. Apesar de Joana ficar desconfiada, ela resolve ir. Eles, no entanto, se desencontram e ela fica ainda mais desconfiada.<\/p>\n<p>No cap\u00edtulo 022 (*), novela \u201cA garota da Mota\u201d, quinta-feira, 11 de agosto \u2013 a \u00fanica pista que Ivan tem agora \u00e9 Joana, e ele vai atr\u00e1s dela. Eles se encontram no Botec\u00e3o e h\u00e1 eletricidade nesse encontro. Um desconfia do outro, e ao mesmo tempo um fica fortemente atra\u00eddo pelo outro.<\/p>\n<p>Ivan quer marcar um encontro com Joana, sem mencionar que est\u00e1 investigando os casos de Miguel e Duda. Ela desconfia dele (ser\u00e1 mais um aliado de Bernarda?), mas resolve ir ao encontro mesmo assim. Eles, no entanto, se desencontram e ela fica ainda mais desconfiada dele.<\/p>\n<p>Ivan ent\u00e3o pede uma encomenda especial na Mot\u00f3polis, num lugar ermo. Joana vai mesmo tudo cheirando a armadilha.<\/p>\n<p>(*) edi\u00e7\u00e3o do SBT, Novela \u201cA Garota da Moto\u201d, sujeito a altera\u00e7\u00e3o de data e conte\u00fado.<\/p>\n","protected":false},"excerpt":{"rendered":"<p>Novela \u201cA Garota da Moto\u201d resumo 11\/08:\u00a0Ivan acredita que Joana \u00e9 a sua \u00fanica pista para desvendar os casos de Miguel e Duda. Ent\u00e3o, ele vai atr\u00e1s dela e se encontram no Botec\u00e3o. H\u00e1 eletricidade nesse encontro. Um desconfia do outro e, ao mesmo tempo, um fica fortemente atra\u00eddo pelo outro. Ivan tenta marcar um [&hellip;]<\/p>\n","protected":false},"author":4,"featured_media":90196,"comment_status":"open","ping_status":"closed","sticky":false,"template":"","format":"standard","meta":{"tdm_status":"","tdm_grid_status":"","footnotes":""},"categories":[379,372,343],"tags":[441],"class_list":{"0":"post-92545","1":"post","2":"type-post","3":"status-publish","4":"format-standard","5":"has-post-thumbnail","7":"category-novelas","8":"category-sbt","9":"category-televisao","10":"tag-resumo-do-dia"},"_links":{"self":[{"href":"https:\/\/migracao.redenoticia.com.br\/noticia\/wp-json\/wp\/v2\/posts\/92545","targetHints":{"allow":["GET"]}}],"collection":[{"href":"https:\/\/migracao.redenoticia.com.br\/noticia\/wp-json\/wp\/v2\/posts"}],"about":[{"href":"https:\/\/migracao.redenoticia.com.br\/noticia\/wp-json\/wp\/v2\/types\/post"}],"author":[{"embeddable":true,"href":"https:\/\/migracao.redenoticia.com.br\/noticia\/wp-json\/wp\/v2\/users\/4"}],"replies":[{"embeddable":true,"href":"https:\/\/migracao.redenoticia.com.br\/noticia\/wp-json\/wp\/v2\/comments?post=92545"}],"version-history":[{"count":0,"href":"https:\/\/migracao.redenoticia.com.br\/noticia\/wp-json\/wp\/v2\/posts\/92545\/revisions"}],"wp:featuredmedia":[{"embeddable":true,"href":"https:\/\/migracao.redenoticia.com.br\/noticia\/wp-json\/wp\/v2\/media\/90196"}],"wp:attachment":[{"href":"https:\/\/migracao.redenoticia.com.br\/noticia\/wp-json\/wp\/v2\/media?parent=92545"}],"wp:term":[{"taxonomy":"category","embeddable":true,"href":"https:\/\/migracao.redenoticia.com.br\/noticia\/wp-json\/wp\/v2\/categories?post=92545"},{"taxonomy":"post_tag","embeddable":true,"href":"https:\/\/migracao.redenoticia.com.br\/noticia\/wp-json\/wp\/v2\/tags?post=92545"}],"curies":[{"name":"wp","href":"https:\/\/api.w.org\/{rel}","templated":true}]}}