{"id":92547,"date":"2016-08-10T19:45:42","date_gmt":"2016-08-10T22:45:42","guid":{"rendered":"http:\/\/www.redenoticia.com.br\/noticia\/?p=92547"},"modified":"2016-08-10T16:04:43","modified_gmt":"2016-08-10T19:04:43","slug":"novela-carrossel-resumo-1108-davi-avisa-dona-sara-que-perdeu-a-tartaruga","status":"publish","type":"post","link":"https:\/\/migracao.redenoticia.com.br\/noticia\/2016\/novela-carrossel-resumo-1108-davi-avisa-dona-sara-que-perdeu-a-tartaruga\/92547","title":{"rendered":"Novela \u201cCarrossel\u201d resumo 11\/08: tartaruga Rel\u00e2mpago desaparece"},"content":{"rendered":"<p><img loading=\"lazy\" decoding=\"async\" class=\"alignleft size-thumbnail wp-image-82147\" src=\"https:\/\/migracao.redenoticia.com.br\/noticia\/imagens\/Carrossel_resumo_novela_sbt-150x112.jpg\" alt=\"Carrossel_resumo_novela_sbt\" width=\"150\" height=\"112\" srcset=\"https:\/\/migracao.redenoticia.com.br\/noticia\/imagens\/Carrossel_resumo_novela_sbt-150x112.jpg 150w, https:\/\/migracao.redenoticia.com.br\/noticia\/imagens\/Carrossel_resumo_novela_sbt-265x198.jpg 265w\" sizes=\"auto, (max-width: 150px) 100vw, 150px\" \/><strong><em>Novela \u201cCarrossel\u201d resumo 11\/08<\/em><\/strong>:\u00a0Davi avisa dona Sara que perdeu a tartaruga Rel\u00e2mpago. Chateado, o garoto diz que n\u00e3o vai conseguir achar seu animal de estima\u00e7\u00e3o. A av\u00f3 fala para o neto pedir ajuda aos seus amigos. O garoto liga para Val\u00e9ria e conta o que aconteceu. A namorada acalma Davi e diz que vai chamar a Patrulha Salvadora para ajud\u00e1-lo. Valeria conta para Daniel o que aconteceu com Davi. O garoto aciona a Patrulha Salvadora, mas todos est\u00e3o envolvidos com a loja de games e o sal\u00e3o de beleza. As crian\u00e7as querem continuar a cuidar dos neg\u00f3cios, mas Jaime tem a ideia de dividir a turma. Uma parte vai ajudar Davi e a outra fica na loja e no sal\u00e3o.<\/p>\n<p>No cap\u00edtulo 369(*), novela \u201cCarrossel\u201d, quinta-feira, 11 de agosto \u2013 Valeria conta para Daniel o que aconteceu com Davi. O garoto aciona a Patrulha Salvadora, mas todos est\u00e3o envolvidos com a loja de games e o sal\u00e3o de beleza.<\/p>\n<p>Ren\u00ea e Helena v\u00e3o \u00e0 sorveteria. A professora sente saudade de seus alunos e imaginam o que estejam aprontando. Daniel pede que a Patrulha Salvadora se re\u00fana. O garoto avisa que Davi precisa da ajuda dos amigos.<\/p>\n<p>As crian\u00e7as querem continuar a cuidar dos neg\u00f3cios, mas Jaime tem a ideia de dividir a turma. Uma parte ir\u00e1 ajudar Davi e a outra fica na loja e no sal\u00e3o. Adriano avisa os amigos que a loja de videogame est\u00e1 se espalhando pela internet e Jaime fica preocupado.<\/p>\n<p>(*) edi\u00e7\u00e3o do SBT, Novela \u201cCarrossel\u201d, sujeito a altera\u00e7\u00e3o de data e conte\u00fado.<\/p>\n","protected":false},"excerpt":{"rendered":"<p>Novela \u201cCarrossel\u201d resumo 11\/08:\u00a0Davi avisa dona Sara que perdeu a tartaruga Rel\u00e2mpago. Chateado, o garoto diz que n\u00e3o vai conseguir achar seu animal de estima\u00e7\u00e3o. A av\u00f3 fala para o neto pedir ajuda aos seus amigos. O garoto liga para Val\u00e9ria e conta o que aconteceu. A namorada acalma Davi e diz que vai chamar [&hellip;]<\/p>\n","protected":false},"author":4,"featured_media":82147,"comment_status":"open","ping_status":"closed","sticky":false,"template":"","format":"standard","meta":{"tdm_status":"","tdm_grid_status":"","footnotes":""},"categories":[379,372,343],"tags":[441],"class_list":{"0":"post-92547","1":"post","2":"type-post","3":"status-publish","4":"format-standard","5":"has-post-thumbnail","7":"category-novelas","8":"category-sbt","9":"category-televisao","10":"tag-resumo-do-dia"},"_links":{"self":[{"href":"https:\/\/migracao.redenoticia.com.br\/noticia\/wp-json\/wp\/v2\/posts\/92547","targetHints":{"allow":["GET"]}}],"collection":[{"href":"https:\/\/migracao.redenoticia.com.br\/noticia\/wp-json\/wp\/v2\/posts"}],"about":[{"href":"https:\/\/migracao.redenoticia.com.br\/noticia\/wp-json\/wp\/v2\/types\/post"}],"author":[{"embeddable":true,"href":"https:\/\/migracao.redenoticia.com.br\/noticia\/wp-json\/wp\/v2\/users\/4"}],"replies":[{"embeddable":true,"href":"https:\/\/migracao.redenoticia.com.br\/noticia\/wp-json\/wp\/v2\/comments?post=92547"}],"version-history":[{"count":0,"href":"https:\/\/migracao.redenoticia.com.br\/noticia\/wp-json\/wp\/v2\/posts\/92547\/revisions"}],"wp:featuredmedia":[{"embeddable":true,"href":"https:\/\/migracao.redenoticia.com.br\/noticia\/wp-json\/wp\/v2\/media\/82147"}],"wp:attachment":[{"href":"https:\/\/migracao.redenoticia.com.br\/noticia\/wp-json\/wp\/v2\/media?parent=92547"}],"wp:term":[{"taxonomy":"category","embeddable":true,"href":"https:\/\/migracao.redenoticia.com.br\/noticia\/wp-json\/wp\/v2\/categories?post=92547"},{"taxonomy":"post_tag","embeddable":true,"href":"https:\/\/migracao.redenoticia.com.br\/noticia\/wp-json\/wp\/v2\/tags?post=92547"}],"curies":[{"name":"wp","href":"https:\/\/api.w.org\/{rel}","templated":true}]}}