{"id":9255,"date":"2009-08-20T15:24:52","date_gmt":"2009-08-20T19:24:52","guid":{"rendered":"http:\/\/www.redenoticia.com.br\/noticia\/?p=9255"},"modified":"2009-08-20T15:24:52","modified_gmt":"2009-08-20T19:24:52","slug":"bandas-de-rock-se-apresentam-para-alunos-do-joer-em-ji-parana-ro","status":"publish","type":"post","link":"https:\/\/migracao.redenoticia.com.br\/noticia\/2009\/bandas-de-rock-se-apresentam-para-alunos-do-joer-em-ji-parana-ro\/9255","title":{"rendered":"Bandas de Rock se apresentam para alunos do JOER em Ji-Paran\u00e1 (RO)"},"content":{"rendered":"<p>Bandas de rock ji-paranaenses est\u00e3o se apresentando nas escolas hospedeiras dos alunos participantes dos Jogos Estudantis de Rond\u00f4nia (JOER), fase juvenil. O evento \u00e9\u00a0 uma iniciativa da Representa\u00e7\u00e3o de Ensino do munic\u00edpio (REN\/Seduc), com apoio da Funda\u00e7\u00e3o Cultural de Ji-Paran\u00e1 (FCJP).<\/p>\n<p>De acordo com o l\u00edder da banda Neofytos, Roni de Melo, as apresenta\u00e7\u00f5es acontecem cada dia em uma escola, sempre a partir das 20 horas, encerrando-se \u00e0s 22 horas. Dentre as bandas convidadas, al\u00e9m da Neofytos, j\u00e1 se apresentaram a Eclipse Final (rock gospel), Halk Angel, Nitendo, Di Marco, Tatudikichute.<\/p>\n<p>\u201cNosso objetivo \u00e9 expandir e divulgar o Rock produzido em Ji-Paran\u00e1, para os outros munic\u00edpios de Rond\u00f4nia, e o JOER \u00e9 uma boa oportunidade para isso porque \u00e9 onde se encontram alunos dos diversos munic\u00edpios do nosso Estado e da capital\u201d, disse Roni.<\/p>\n<p>Ainda segundo o roqueiro, a banda Neofytos \u00e9\u00a0composta por quatro integrantes e est\u00e1\u00a0 no seu 5\u00ba\u00a0ano de exist\u00eancia, tendo participado de festivais de rock em outros munic\u00edpios. \u201cO grande momento da nossa banda aconteceu no ano passado, quando tocamos com a banda Anti Demo de Bras\u00edlia, no festival Noite do Massacre, em Ji-Paran\u00e1\u201d, destacou. Hoje (21), as bandas de Ji-Paran\u00e1, lideradas pela Neofytos, se apresentam na escola Alu\u00edzio Ferreira.<\/p>\n","protected":false},"excerpt":{"rendered":"<p>Bandas de rock ji-paranaenses est\u00e3o se apresentando nas escolas hospedeiras dos alunos participantes dos Jogos Estudantis de Rond\u00f4nia (JOER), fase juvenil. O evento \u00e9\u00a0 uma iniciativa da Representa\u00e7\u00e3o de Ensino do munic\u00edpio (REN\/Seduc), com apoio da Funda\u00e7\u00e3o Cultural de Ji-Paran\u00e1 (FCJP). De acordo com o l\u00edder da banda Neofytos, Roni de Melo, as apresenta\u00e7\u00f5es acontecem [&hellip;]<\/p>\n","protected":false},"author":2,"featured_media":0,"comment_status":"open","ping_status":"open","sticky":false,"template":"","format":"standard","meta":{"tdm_status":"","tdm_grid_status":"","footnotes":""},"categories":[22],"tags":[],"class_list":{"0":"post-9255","1":"post","2":"type-post","3":"status-publish","4":"format-standard","6":"category-brasil"},"_links":{"self":[{"href":"https:\/\/migracao.redenoticia.com.br\/noticia\/wp-json\/wp\/v2\/posts\/9255","targetHints":{"allow":["GET"]}}],"collection":[{"href":"https:\/\/migracao.redenoticia.com.br\/noticia\/wp-json\/wp\/v2\/posts"}],"about":[{"href":"https:\/\/migracao.redenoticia.com.br\/noticia\/wp-json\/wp\/v2\/types\/post"}],"author":[{"embeddable":true,"href":"https:\/\/migracao.redenoticia.com.br\/noticia\/wp-json\/wp\/v2\/users\/2"}],"replies":[{"embeddable":true,"href":"https:\/\/migracao.redenoticia.com.br\/noticia\/wp-json\/wp\/v2\/comments?post=9255"}],"version-history":[{"count":0,"href":"https:\/\/migracao.redenoticia.com.br\/noticia\/wp-json\/wp\/v2\/posts\/9255\/revisions"}],"wp:attachment":[{"href":"https:\/\/migracao.redenoticia.com.br\/noticia\/wp-json\/wp\/v2\/media?parent=9255"}],"wp:term":[{"taxonomy":"category","embeddable":true,"href":"https:\/\/migracao.redenoticia.com.br\/noticia\/wp-json\/wp\/v2\/categories?post=9255"},{"taxonomy":"post_tag","embeddable":true,"href":"https:\/\/migracao.redenoticia.com.br\/noticia\/wp-json\/wp\/v2\/tags?post=9255"}],"curies":[{"name":"wp","href":"https:\/\/api.w.org\/{rel}","templated":true}]}}