{"id":92551,"date":"2016-08-10T19:30:37","date_gmt":"2016-08-10T22:30:37","guid":{"rendered":"http:\/\/www.redenoticia.com.br\/noticia\/?p=92551"},"modified":"2016-08-10T16:03:06","modified_gmt":"2016-08-10T19:03:06","slug":"novela-cumplices-de-um-resgate-resumo-1108-manuela-conversa-com-a-irma-atraves-da-internet","status":"publish","type":"post","link":"https:\/\/migracao.redenoticia.com.br\/noticia\/2016\/novela-cumplices-de-um-resgate-resumo-1108-manuela-conversa-com-a-irma-atraves-da-internet\/92551","title":{"rendered":"Novela \u201cC\u00famplices de um Resgate\u201d resumo 11\/08: Isabela se sente s\u00f3"},"content":{"rendered":"<p><img loading=\"lazy\" decoding=\"async\" class=\"alignleft size-thumbnail wp-image-71351\" src=\"https:\/\/migracao.redenoticia.com.br\/noticia\/imagens\/cumplices_de_um_resgate_sbt_novela_resumo-150x112.jpg\" alt=\"cumplices_de_um_resgate_sbt_novela_resumo\" width=\"150\" height=\"112\" srcset=\"https:\/\/migracao.redenoticia.com.br\/noticia\/imagens\/cumplices_de_um_resgate_sbt_novela_resumo-150x112.jpg 150w, https:\/\/migracao.redenoticia.com.br\/noticia\/imagens\/cumplices_de_um_resgate_sbt_novela_resumo-265x198.jpg 265w\" sizes=\"auto, (max-width: 150px) 100vw, 150px\" \/><strong><em>Novela \u201cC\u00famplices de um Resgate\u201d resumo 11\/08<\/em><\/strong>:\u00a0Isabela volta para cidade e Marina aconselha Rebeca a deixa-la ficar, pois com o tempo ela vai sentir falta da fam\u00edlia. E com o tempo \u00e9 isso que acontece. Isabela se sente s\u00f3. Manuela conversa com a irm\u00e3 atrav\u00e9s da internet. Mais tarde, Joaquim liga para Manuela e diz que a banda precisa dela. A garota pede para a m\u00e3e para poder ficar na mans\u00e3o com a Isabela e ensaiar na C1R, que far\u00e1 um show para arrecadar fundos para a gravadora D\u00f3-R\u00e9-Music.<\/p>\n<p>No cap\u00edtulo 269(*), novela \u201cC\u00famplice de um Resgate\u201d, quinta-feira, 11 de agosto \u2013 Isabela se sente s\u00f3. Manuela conversa com a irm\u00e3 atrav\u00e9s da internet.<\/p>\n<p>Omar tenta vender o cavalo Dourado. Andr\u00e9 continua bravo com os irm\u00e3os Vaz ao ver que Benjamim est\u00e1 na banda. Joaquim liga para Manuela e diz que a banda precisa dela.<\/p>\n<p>A garota pede para a m\u00e3e para poder ficar na mans\u00e3o com a Isabela e assim poder ensaiar na C1R, que far\u00e1 um show para arrecadar fundos para a gravadora D\u00f3-R\u00e9-Music. Fiorina presenteia Helena com uma imagem de Nossa Senhora dos Sonhos. Nina fica brava ao saber disso.<\/p>\n<p>(*) edi\u00e7\u00e3o do SBT, Novela \u201cC\u00famplices de um Resgate\u201d, sujeito a altera\u00e7\u00e3o de data e conte\u00fado.<\/p>\n","protected":false},"excerpt":{"rendered":"<p>Novela \u201cC\u00famplices de um Resgate\u201d resumo 11\/08:\u00a0Isabela volta para cidade e Marina aconselha Rebeca a deixa-la ficar, pois com o tempo ela vai sentir falta da fam\u00edlia. E com o tempo \u00e9 isso que acontece. Isabela se sente s\u00f3. Manuela conversa com a irm\u00e3 atrav\u00e9s da internet. Mais tarde, Joaquim liga para Manuela e diz [&hellip;]<\/p>\n","protected":false},"author":4,"featured_media":71351,"comment_status":"open","ping_status":"closed","sticky":false,"template":"","format":"standard","meta":{"tdm_status":"","tdm_grid_status":"","footnotes":""},"categories":[379,372,343],"tags":[441],"class_list":{"0":"post-92551","1":"post","2":"type-post","3":"status-publish","4":"format-standard","5":"has-post-thumbnail","7":"category-novelas","8":"category-sbt","9":"category-televisao","10":"tag-resumo-do-dia"},"_links":{"self":[{"href":"https:\/\/migracao.redenoticia.com.br\/noticia\/wp-json\/wp\/v2\/posts\/92551","targetHints":{"allow":["GET"]}}],"collection":[{"href":"https:\/\/migracao.redenoticia.com.br\/noticia\/wp-json\/wp\/v2\/posts"}],"about":[{"href":"https:\/\/migracao.redenoticia.com.br\/noticia\/wp-json\/wp\/v2\/types\/post"}],"author":[{"embeddable":true,"href":"https:\/\/migracao.redenoticia.com.br\/noticia\/wp-json\/wp\/v2\/users\/4"}],"replies":[{"embeddable":true,"href":"https:\/\/migracao.redenoticia.com.br\/noticia\/wp-json\/wp\/v2\/comments?post=92551"}],"version-history":[{"count":0,"href":"https:\/\/migracao.redenoticia.com.br\/noticia\/wp-json\/wp\/v2\/posts\/92551\/revisions"}],"wp:featuredmedia":[{"embeddable":true,"href":"https:\/\/migracao.redenoticia.com.br\/noticia\/wp-json\/wp\/v2\/media\/71351"}],"wp:attachment":[{"href":"https:\/\/migracao.redenoticia.com.br\/noticia\/wp-json\/wp\/v2\/media?parent=92551"}],"wp:term":[{"taxonomy":"category","embeddable":true,"href":"https:\/\/migracao.redenoticia.com.br\/noticia\/wp-json\/wp\/v2\/categories?post=92551"},{"taxonomy":"post_tag","embeddable":true,"href":"https:\/\/migracao.redenoticia.com.br\/noticia\/wp-json\/wp\/v2\/tags?post=92551"}],"curies":[{"name":"wp","href":"https:\/\/api.w.org\/{rel}","templated":true}]}}