{"id":92553,"date":"2016-08-10T18:00:38","date_gmt":"2016-08-10T21:00:38","guid":{"rendered":"http:\/\/www.redenoticia.com.br\/noticia\/?p=92553"},"modified":"2016-08-10T16:00:34","modified_gmt":"2016-08-10T19:00:34","slug":"novela-meu-coracao-e-teu-resumo-1108-henrique-se-fere-gravemente-e-acaba-por-morrer","status":"publish","type":"post","link":"https:\/\/migracao.redenoticia.com.br\/noticia\/2016\/novela-meu-coracao-e-teu-resumo-1108-henrique-se-fere-gravemente-e-acaba-por-morrer\/92553","title":{"rendered":"Novela \u201cMeu Cora\u00e7\u00e3o \u00e9 Teu\u201d resumo 11\/08: Ana e Fernando se reconciliam"},"content":{"rendered":"<p><img loading=\"lazy\" decoding=\"async\" class=\"alignleft size-thumbnail wp-image-82119\" src=\"https:\/\/migracao.redenoticia.com.br\/noticia\/imagens\/meu_coracao_e_teu_novela_resumo_sbt-150x112.jpg\" alt=\"meu_coracao_e_teu_novela_resumo_sbt\" width=\"150\" height=\"112\" srcset=\"https:\/\/migracao.redenoticia.com.br\/noticia\/imagens\/meu_coracao_e_teu_novela_resumo_sbt-150x112.jpg 150w, https:\/\/migracao.redenoticia.com.br\/noticia\/imagens\/meu_coracao_e_teu_novela_resumo_sbt-265x198.jpg 265w\" sizes=\"auto, (max-width: 150px) 100vw, 150px\" \/><strong><em>Novela \u201cMeu Cora\u00e7\u00e3o \u00e9 Teu\u201d resumo 11\/08<\/em><\/strong>:\u00a0Ana decide ir \u00e0 escola de Pole Dance para praticar um pouco. Ela tira seu anel e o devolve a Fernando, que pensa que precisa perdo\u00e1-la, ap\u00f3s ler a carta que ela escreveu. Henrique segue Ana e a ataca, amea\u00e7ando-a com uma navalha. Fernando est\u00e1 decidido a ir ao workshop e dizer a Ana o quanto a ama. Ele desconhece o fato de que Henrique est\u00e1 com Ana e a mant\u00e9m presa. Ao chegar na escola, Fernando encontra Ana e impede que Henrique a machuque. Ap\u00f3s uma luta corporal, Henrique se fere gravemente e acaba por morrer sem dizer a verdade a Fernando sobre Diego Nicolas. Ana e Fernando se reconciliam. Ele devolve o anel de compromisso \u00e0 Ana, que o aceita feliz.<\/p>\n<p>No cap\u00edtulo 119(*), novela \u201cMeu Cora\u00e7\u00e3o \u00e9 Teu\u201d, quinta-feira, 11 de agosto \u2013 Fernando est\u00e1 decidido a ir ao workshop e dizer a Ana o quanto a ama. Ele desconhece o fato de que Henrique est\u00e1 com Ana e a mant\u00e9m presa.<\/p>\n<p>Fanny e Leon se comunicam atrav\u00e9s das redes sociais, algo que est\u00e1 unindo os dois outra vez. Fernando encontra Ana e impede que Henrique a machuque.<\/p>\n<p>Ap\u00f3s uma luta corporal, Henrique se fere gravemente e acaba morrendo sem dizer a verdade a Fernando sobre Diego Nicolas. Ana e Fernando se reconciliam. Ele devolve o anel de compromisso \u00e0 Ana, que o aceita feliz. Yolanda diz a seus amigos no asilo que sua filha n\u00e3o ir\u00e1 terminar bem.<\/p>\n<p>(*) edi\u00e7\u00e3o do SBT, Novela \u201cMeu Cora\u00e7\u00e3o \u00e9 Teu\u201d, sujeito a altera\u00e7\u00e3o de data e conte\u00fado.<\/p>\n","protected":false},"excerpt":{"rendered":"<p>Novela \u201cMeu Cora\u00e7\u00e3o \u00e9 Teu\u201d resumo 11\/08:\u00a0Ana decide ir \u00e0 escola de Pole Dance para praticar um pouco. Ela tira seu anel e o devolve a Fernando, que pensa que precisa perdo\u00e1-la, ap\u00f3s ler a carta que ela escreveu. Henrique segue Ana e a ataca, amea\u00e7ando-a com uma navalha. Fernando est\u00e1 decidido a ir ao [&hellip;]<\/p>\n","protected":false},"author":4,"featured_media":82119,"comment_status":"open","ping_status":"closed","sticky":false,"template":"","format":"standard","meta":{"tdm_status":"","tdm_grid_status":"","footnotes":""},"categories":[379,372,343],"tags":[441],"class_list":{"0":"post-92553","1":"post","2":"type-post","3":"status-publish","4":"format-standard","5":"has-post-thumbnail","7":"category-novelas","8":"category-sbt","9":"category-televisao","10":"tag-resumo-do-dia"},"_links":{"self":[{"href":"https:\/\/migracao.redenoticia.com.br\/noticia\/wp-json\/wp\/v2\/posts\/92553","targetHints":{"allow":["GET"]}}],"collection":[{"href":"https:\/\/migracao.redenoticia.com.br\/noticia\/wp-json\/wp\/v2\/posts"}],"about":[{"href":"https:\/\/migracao.redenoticia.com.br\/noticia\/wp-json\/wp\/v2\/types\/post"}],"author":[{"embeddable":true,"href":"https:\/\/migracao.redenoticia.com.br\/noticia\/wp-json\/wp\/v2\/users\/4"}],"replies":[{"embeddable":true,"href":"https:\/\/migracao.redenoticia.com.br\/noticia\/wp-json\/wp\/v2\/comments?post=92553"}],"version-history":[{"count":0,"href":"https:\/\/migracao.redenoticia.com.br\/noticia\/wp-json\/wp\/v2\/posts\/92553\/revisions"}],"wp:featuredmedia":[{"embeddable":true,"href":"https:\/\/migracao.redenoticia.com.br\/noticia\/wp-json\/wp\/v2\/media\/82119"}],"wp:attachment":[{"href":"https:\/\/migracao.redenoticia.com.br\/noticia\/wp-json\/wp\/v2\/media?parent=92553"}],"wp:term":[{"taxonomy":"category","embeddable":true,"href":"https:\/\/migracao.redenoticia.com.br\/noticia\/wp-json\/wp\/v2\/categories?post=92553"},{"taxonomy":"post_tag","embeddable":true,"href":"https:\/\/migracao.redenoticia.com.br\/noticia\/wp-json\/wp\/v2\/tags?post=92553"}],"curies":[{"name":"wp","href":"https:\/\/api.w.org\/{rel}","templated":true}]}}