{"id":92555,"date":"2016-08-10T15:40:57","date_gmt":"2016-08-10T18:40:57","guid":{"rendered":"http:\/\/www.redenoticia.com.br\/noticia\/?p=92555"},"modified":"2016-08-10T15:57:30","modified_gmt":"2016-08-10T18:57:30","slug":"novela-abismo-da-paixao-resumo-1108-sabrina-se-sente-mal-e-pede-a-vicente-que-chame-seu-pai","status":"publish","type":"post","link":"https:\/\/migracao.redenoticia.com.br\/noticia\/2016\/novela-abismo-da-paixao-resumo-1108-sabrina-se-sente-mal-e-pede-a-vicente-que-chame-seu-pai\/92555","title":{"rendered":"Novela \u201cAbismo da Paix\u00e3o\u201d resumo 11\/08: Sabrina foge se sente mal"},"content":{"rendered":"<p><img loading=\"lazy\" decoding=\"async\" class=\"alignleft size-thumbnail wp-image-81978\" src=\"https:\/\/migracao.redenoticia.com.br\/noticia\/imagens\/abismo_de_paixao_sbt_resumo_novela-150x112.jpg\" alt=\"abismo_de_paixao_sbt_resumo_novela\" width=\"150\" height=\"112\" srcset=\"https:\/\/migracao.redenoticia.com.br\/noticia\/imagens\/abismo_de_paixao_sbt_resumo_novela-150x112.jpg 150w, https:\/\/migracao.redenoticia.com.br\/noticia\/imagens\/abismo_de_paixao_sbt_resumo_novela-265x198.jpg 265w\" sizes=\"auto, (max-width: 150px) 100vw, 150px\" \/><strong><em>Novela \u201cAbismo da Paix\u00e3o\u201d resumo 11\/08<\/em><\/strong>:\u00a0Ramona diz a Edmundo que Sabrina est\u00e1 gr\u00e1vida e o aconselha a deixar que ela se case com Paulo. Edmundo vai atr\u00e1s de Sabrina por toda a casa e n\u00e3o a encontra.\u00a0Sabrina aproveita a presen\u00e7a de Ramona e Paloma para fugir de casa e encontrar Paulo. Ela o procura na fazenda Arango, mas como ele n\u00e3o est\u00e1 pronto para fugir, Sabrina pede a Vicente que a esconda. Vicente leva Sabrina at\u00e9 a fazenda que Ramiro comprou, diz que ele \u00e9 seu pai e que viver\u00e3o al\u00ed juntos. Sabrina se surpreende e pede para buscar Paulo na fazenda Arango. Edmundo procura Sabrina na fazenda Arango e reclama com Paulo, por ter engravidado sua filha, e o alerta que, caso Sabrina n\u00e3o apare\u00e7a, o matar\u00e1. Guido diz a Edmundo que pode contar com seu apoio e Dami\u00e3o se compromete a encontrar Sabrina. Bet\u00e2nia discute com Henrique, j\u00e1 que pensa que Ramona e Paloma roubaram roupas de Sabrina. Edmundo liga para Bet\u00e2nia e diz que Sabrina desapareceu e que escondia uma gravidez de Paulo. Na fazenda de Ramiro, Sabrina se sente mal e pede a Vicente que chame seu pai, pois seu ventre d\u00f3i muito.<\/p>\n<p>No cap\u00edtulo 099 (*), novela \u201cAbismo da Paix\u00e3o\u201d, quinta-feira, 11 de agosto \u2013 Paloma diz a Elisa que elas j\u00e1 n\u00e3o ser\u00e3o mais amigas como antes e que ainda assim deseja que ela seja feliz ao lado de Gael. Vicente leva Sabrina at\u00e9 a fazenda que Ramiro comprou, diz que ele \u00e9 seu pai e que viver\u00e3o al\u00ed juntos. Sabrina se surpreende e pede para buscar Paulo na fazenda Arango. Ramiro procura Carmem na fazenda para entreguar lhe um cheque, conforme havia combinado com Augusto, mas Carmem se nega a receber, j\u00e1 que considera pouca a quantia.<\/p>\n<p>Elisa e Gael planejam se casar em seis meses. Gael visita Lucio em sua casa para agradecer por ter convencido Padre Lupe a dar lhe sua ben\u00e7\u00e3o quanto ao casamento com Elisa. Carmem procura Lucio para que ele a ajude com que Ramiro pague o que realmente vale a propiedade \u201cC\u00e9u Aberto\u201d, pois Ramiro quer pagar uma mis\u00e9ria por estas terras. Edmundo procura Sabrina na fazenda Arango e reclama com Paulo, por ter engravidado sua filha, e o alerta que, caso Sabrina n\u00e3o apare\u00e7a, o matar\u00e1. Paulo aconselha Flor\u00eancia a fingir um aborto.<\/p>\n<p>Guido diz a Edmundo que conta com seu apoio e Dami\u00e3o se compromete a encontrar Sabrina. Bet\u00e2nia discute com Henrique, j\u00e1 que pensa que Ramona e Paloma roubaram roupas de Sabrina. Edmundo liga para Bet\u00e2nia e diz que Sabrina desapareceu e que escondia uma gravidez de Paulo. Gael leva Elisa at\u00e9 a planta\u00e7\u00e3o para mostrar que as pimentas cresceram. Elisa se emociona e Gael a entrega os pap\u00e9is do invent\u00e1rio, eles se abra\u00e7am e fazem planos para o futuro. Na fazenda de Ramiro, Sabrina se sente mal e pede a Vicente que chame seu pai, pois seu ventre d\u00f3i muito. Na fazenda Arango, Henrique se aproxima de Flor\u00eancia e a beija e diz que jamais v\u00e3o ama-la como ele a ama.<\/p>\n<p>(*) edi\u00e7\u00e3o do SBT, Novela \u201cAbismo da Paix\u00e3o\u201d, sujeito a altera\u00e7\u00e3o de data e conte\u00fado.<\/p>\n","protected":false},"excerpt":{"rendered":"<p>Novela \u201cAbismo da Paix\u00e3o\u201d resumo 11\/08:\u00a0Ramona diz a Edmundo que Sabrina est\u00e1 gr\u00e1vida e o aconselha a deixar que ela se case com Paulo. Edmundo vai atr\u00e1s de Sabrina por toda a casa e n\u00e3o a encontra.\u00a0Sabrina aproveita a presen\u00e7a de Ramona e Paloma para fugir de casa e encontrar Paulo. Ela o procura na [&hellip;]<\/p>\n","protected":false},"author":4,"featured_media":81978,"comment_status":"open","ping_status":"closed","sticky":false,"template":"","format":"standard","meta":{"tdm_status":"","tdm_grid_status":"","footnotes":""},"categories":[379,372,343],"tags":[441],"class_list":{"0":"post-92555","1":"post","2":"type-post","3":"status-publish","4":"format-standard","5":"has-post-thumbnail","7":"category-novelas","8":"category-sbt","9":"category-televisao","10":"tag-resumo-do-dia"},"_links":{"self":[{"href":"https:\/\/migracao.redenoticia.com.br\/noticia\/wp-json\/wp\/v2\/posts\/92555","targetHints":{"allow":["GET"]}}],"collection":[{"href":"https:\/\/migracao.redenoticia.com.br\/noticia\/wp-json\/wp\/v2\/posts"}],"about":[{"href":"https:\/\/migracao.redenoticia.com.br\/noticia\/wp-json\/wp\/v2\/types\/post"}],"author":[{"embeddable":true,"href":"https:\/\/migracao.redenoticia.com.br\/noticia\/wp-json\/wp\/v2\/users\/4"}],"replies":[{"embeddable":true,"href":"https:\/\/migracao.redenoticia.com.br\/noticia\/wp-json\/wp\/v2\/comments?post=92555"}],"version-history":[{"count":0,"href":"https:\/\/migracao.redenoticia.com.br\/noticia\/wp-json\/wp\/v2\/posts\/92555\/revisions"}],"wp:featuredmedia":[{"embeddable":true,"href":"https:\/\/migracao.redenoticia.com.br\/noticia\/wp-json\/wp\/v2\/media\/81978"}],"wp:attachment":[{"href":"https:\/\/migracao.redenoticia.com.br\/noticia\/wp-json\/wp\/v2\/media?parent=92555"}],"wp:term":[{"taxonomy":"category","embeddable":true,"href":"https:\/\/migracao.redenoticia.com.br\/noticia\/wp-json\/wp\/v2\/categories?post=92555"},{"taxonomy":"post_tag","embeddable":true,"href":"https:\/\/migracao.redenoticia.com.br\/noticia\/wp-json\/wp\/v2\/tags?post=92555"}],"curies":[{"name":"wp","href":"https:\/\/api.w.org\/{rel}","templated":true}]}}