{"id":9258,"date":"2009-08-20T15:25:52","date_gmt":"2009-08-20T19:25:52","guid":{"rendered":"http:\/\/www.redenoticia.com.br\/noticia\/?p=9258"},"modified":"2009-08-20T15:25:52","modified_gmt":"2009-08-20T19:25:52","slug":"dia-do-folclore-%e2%80%93-o-que-ver-no-recife","status":"publish","type":"post","link":"https:\/\/migracao.redenoticia.com.br\/noticia\/2009\/dia-do-folclore-%e2%80%93-o-que-ver-no-recife\/9258","title":{"rendered":"Dia do Folclore \u2013 O que ver no Recife"},"content":{"rendered":"<p>Dia 22 de agosto \u00e9 comemorado o Dia do Folclore em todo o Brasil. No Recife, cidade culturalmente rica, com v\u00e1rias tradi\u00e7\u00f5es e lendas, o folclore est\u00e1 no\u00a0dia a dia\u00a0do recifense: nos festejos, nos folguedos e nos costumes da cidade. Aqui verdadeiramente se preserva a tradi\u00e7\u00e3o popular. A capital pernambucana tamb\u00e9m \u00e9 diferenciada pela gastronomia, artesanato e religiosidade.<\/p>\n<p>Um exemplo disso \u00e9 o Mercado de S\u00e3o Jos\u00e9. L\u00e1, \u00e9 puro folclore. Nos v\u00e1rios corredores deste hist\u00f3rico mercado p\u00fablico, h\u00e1 tradi\u00e7\u00e3o popular por todos os lados desde o artesanato \u00e0s ervas medicinais e artigos de xang\u00f4. Cada comerciante tem uma forma peculiar de vender os produtos e chamar a aten\u00e7\u00e3o dos clientes. No p\u00e1tio do Mercado, poetas populares vendem seus folhetos, cantores entoam suas can\u00e7\u00f5es e ciganas l\u00eaem as m\u00e3os. Al\u00e9m das atra\u00e7\u00f5es culturais, a Prefeitura do Recife est\u00e1 implantando novidades nos Mercados P\u00fablicos da cidade, como o acesso gratuito \u00e0 internet, que j\u00e1 \u00e9 uma realidade nesses espa\u00e7os.<\/p>\n<p>Mula sem cabe\u00e7a, Velho do Saco, A Velha e o Bode Vermelho, Botija, Papa-Figo, Lobisomem, Boca de Ouro e Macobeba est\u00e3o vagando pelo Recife. Mas n\u00e3o se assuste, trata-se de um city tour assombrado que a Funda\u00e7\u00e3o Gilberto Freyre realiza no dia 9 de setembro dentro das depend\u00eancias da Casa-Museu Gilberto Freyre. As hist\u00f3rias s\u00e3o baseadas no livro \u201cAssombra\u00e7\u00f5es do Recife Velho\u201d, do soci\u00f3logo Gilberto Freyre.<\/p>\n<p>No m\u00eas do folclore, acontece na cidade o Festival Recifense de Literatura \u2013 A Letra e a Voz. A s\u00e9tima edi\u00e7\u00e3o do evento come\u00e7ou no \u00faltimo domingo (16) e segue at\u00e9 o dia 23 de agosto. Dentro do evento, a Festa do Livro, semin\u00e1rios, pain\u00e9is, Recitata (concurso de recita\u00e7\u00e3o po\u00e9tica), mostra de cinema, mesas-redondas, oficinas descentralizadas, leituras de fic\u00e7\u00e3o e de poesia e exposi\u00e7\u00f5es. O encontro acontece em diversos bairros do Recife.<\/p>\n<p>Al\u00e9m da tradicional feira Domingo na Rua, que acontece na Rua do Bom Jesus, agora os recifenses t\u00eam mais um novo espa\u00e7o para comercializar seus artesanatos. Todos os s\u00e1bados, na mesma rua, entre as 9h e 19h, acontece a Feira Solid\u00e1ria de Artesanato com produtos de mais de 80 artes\u00e3os. O visitante poder\u00e1 tamb\u00e9m dan\u00e7ar ciranda, coco de roda e assistir \u00e0s diversas atra\u00e7\u00f5es culturais regionais que se apresentam durante o evento e se deliciar com as diversas comidas t\u00edpicas comercializadas na feira.<\/p>\n<p>O Recife \u00e9 assim. Tem manifesta\u00e7\u00f5es folcl\u00f3ricas t\u00edpicas da cidade, como o pastoril, caboclinhos, as tro\u00e7as, os La Ursas. Esta \u00e9 a riqueza do folclore do Recife.<\/p>\n","protected":false},"excerpt":{"rendered":"<p>Dia 22 de agosto \u00e9 comemorado o Dia do Folclore em todo o Brasil. No Recife, cidade culturalmente rica, com v\u00e1rias tradi\u00e7\u00f5es e lendas, o folclore est\u00e1 no\u00a0dia a dia\u00a0do recifense: nos festejos, nos folguedos e nos costumes da cidade. Aqui verdadeiramente se preserva a tradi\u00e7\u00e3o popular. A capital pernambucana tamb\u00e9m \u00e9 diferenciada pela gastronomia, [&hellip;]<\/p>\n","protected":false},"author":2,"featured_media":0,"comment_status":"open","ping_status":"open","sticky":false,"template":"","format":"standard","meta":{"tdm_status":"","tdm_grid_status":"","footnotes":""},"categories":[22],"tags":[],"class_list":{"0":"post-9258","1":"post","2":"type-post","3":"status-publish","4":"format-standard","6":"category-brasil"},"_links":{"self":[{"href":"https:\/\/migracao.redenoticia.com.br\/noticia\/wp-json\/wp\/v2\/posts\/9258","targetHints":{"allow":["GET"]}}],"collection":[{"href":"https:\/\/migracao.redenoticia.com.br\/noticia\/wp-json\/wp\/v2\/posts"}],"about":[{"href":"https:\/\/migracao.redenoticia.com.br\/noticia\/wp-json\/wp\/v2\/types\/post"}],"author":[{"embeddable":true,"href":"https:\/\/migracao.redenoticia.com.br\/noticia\/wp-json\/wp\/v2\/users\/2"}],"replies":[{"embeddable":true,"href":"https:\/\/migracao.redenoticia.com.br\/noticia\/wp-json\/wp\/v2\/comments?post=9258"}],"version-history":[{"count":0,"href":"https:\/\/migracao.redenoticia.com.br\/noticia\/wp-json\/wp\/v2\/posts\/9258\/revisions"}],"wp:attachment":[{"href":"https:\/\/migracao.redenoticia.com.br\/noticia\/wp-json\/wp\/v2\/media?parent=9258"}],"wp:term":[{"taxonomy":"category","embeddable":true,"href":"https:\/\/migracao.redenoticia.com.br\/noticia\/wp-json\/wp\/v2\/categories?post=9258"},{"taxonomy":"post_tag","embeddable":true,"href":"https:\/\/migracao.redenoticia.com.br\/noticia\/wp-json\/wp\/v2\/tags?post=9258"}],"curies":[{"name":"wp","href":"https:\/\/api.w.org\/{rel}","templated":true}]}}