{"id":9261,"date":"2009-08-20T15:27:25","date_gmt":"2009-08-20T19:27:25","guid":{"rendered":"http:\/\/www.redenoticia.com.br\/noticia\/?p=9261"},"modified":"2009-08-20T15:27:25","modified_gmt":"2009-08-20T19:27:25","slug":"vento-forte-e-mar-agitado-nas-costas-sul-e-sudeste","status":"publish","type":"post","link":"https:\/\/migracao.redenoticia.com.br\/noticia\/2009\/vento-forte-e-mar-agitado-nas-costas-sul-e-sudeste\/9261","title":{"rendered":"Vento forte e mar agitado nas costas sul e sudeste"},"content":{"rendered":"<p>Uma \u00e1rea de baixa press\u00e3o se formou pr\u00f3ximo das costas do Rio Grande do Sul e de Santa Catarina e na sexta-feira se desenvolve como um ciclone extratropical que avan\u00e7a pelo oceano, ao largo da costa do Sul e do Sudeste, segundo a Climatempo. A presen\u00e7a deste ciclone provoca vento forte em todo o leste da Regi\u00e3o Sul, no leste de S\u00e3o Paulo e no Rio de Janeiro.<\/p>\n<p>O vento \u00e9 intenso especialmente nas \u00e1reas litor\u00e2neas e no oceano, ao largo destas \u00e1reas. O vento intenso sobre o oceano deixa o mar agitado j\u00e1 nesta sexta-feira nas praias do Sul. A partir do fim do dia as ondas aumentam de tamanho tamb\u00e9m no litoral do Sudeste, que tem um fim de semana de mar agitado.<br \/>\nSobre o Grupo Climatempo<\/p>\n<p>O Grupo Climatempo \u00e9 a maior empresa privada de meteorologia do pa\u00eds. Uma holding formada pela Climatempo Consultoria, Ag\u00eancia Climatempo, a TV Climatempo e a CLIMANET (Internet, servi\u00e7os de tecnologia e inform\u00e1tica). Atualmente, o Grupo Climatempo fornece conte\u00fado para os principais portais do pa\u00eds, mais de 50 retransmissoras de televis\u00e3o do Brasil, r\u00e1dios e tem cerca de mil clientes. Os dois principais segmentos atendidos s\u00e3o o de agroneg\u00f3cios e meios de comunica\u00e7\u00e3o. Al\u00e9m destes, fornece conte\u00fado meteorol\u00f3gico estrat\u00e9gico para produtoras, a ind\u00fastria eletroeletr\u00f4nica e t\u00eaxtil, com\u00e9rcio, moda e turismo, constru\u00e7\u00e3o civil, setor de energia, entre outros setores.<\/p>\n","protected":false},"excerpt":{"rendered":"<p>Uma \u00e1rea de baixa press\u00e3o se formou pr\u00f3ximo das costas do Rio Grande do Sul e de Santa Catarina e na sexta-feira se desenvolve como um ciclone extratropical que avan\u00e7a pelo oceano, ao largo da costa do Sul e do Sudeste, segundo a Climatempo. A presen\u00e7a deste ciclone provoca vento forte em todo o leste [&hellip;]<\/p>\n","protected":false},"author":3,"featured_media":0,"comment_status":"open","ping_status":"open","sticky":false,"template":"","format":"standard","meta":{"tdm_status":"","tdm_grid_status":"","footnotes":""},"categories":[22,327],"tags":[],"class_list":{"0":"post-9261","1":"post","2":"type-post","3":"status-publish","4":"format-standard","6":"category-brasil","7":"category-clima"},"_links":{"self":[{"href":"https:\/\/migracao.redenoticia.com.br\/noticia\/wp-json\/wp\/v2\/posts\/9261","targetHints":{"allow":["GET"]}}],"collection":[{"href":"https:\/\/migracao.redenoticia.com.br\/noticia\/wp-json\/wp\/v2\/posts"}],"about":[{"href":"https:\/\/migracao.redenoticia.com.br\/noticia\/wp-json\/wp\/v2\/types\/post"}],"author":[{"embeddable":true,"href":"https:\/\/migracao.redenoticia.com.br\/noticia\/wp-json\/wp\/v2\/users\/3"}],"replies":[{"embeddable":true,"href":"https:\/\/migracao.redenoticia.com.br\/noticia\/wp-json\/wp\/v2\/comments?post=9261"}],"version-history":[{"count":0,"href":"https:\/\/migracao.redenoticia.com.br\/noticia\/wp-json\/wp\/v2\/posts\/9261\/revisions"}],"wp:attachment":[{"href":"https:\/\/migracao.redenoticia.com.br\/noticia\/wp-json\/wp\/v2\/media?parent=9261"}],"wp:term":[{"taxonomy":"category","embeddable":true,"href":"https:\/\/migracao.redenoticia.com.br\/noticia\/wp-json\/wp\/v2\/categories?post=9261"},{"taxonomy":"post_tag","embeddable":true,"href":"https:\/\/migracao.redenoticia.com.br\/noticia\/wp-json\/wp\/v2\/tags?post=9261"}],"curies":[{"name":"wp","href":"https:\/\/api.w.org\/{rel}","templated":true}]}}