{"id":9271,"date":"2009-08-20T15:33:59","date_gmt":"2009-08-20T19:33:59","guid":{"rendered":"http:\/\/www.redenoticia.com.br\/noticia\/?p=9271"},"modified":"2009-08-20T15:33:59","modified_gmt":"2009-08-20T19:33:59","slug":"basquete-feminino-de-rondonia-na-final-dos-jogos-universitarios","status":"publish","type":"post","link":"https:\/\/migracao.redenoticia.com.br\/noticia\/2009\/basquete-feminino-de-rondonia-na-final-dos-jogos-universitarios\/9271","title":{"rendered":"Basquete feminino de Rond\u00f4nia na final dos Jogos Universit\u00e1rios"},"content":{"rendered":"<p>\u00a0As meninas do basquete feminino de Rond\u00f4nia conquistaram hoje pela manh\u00e3\u00a0 a vaga para a final da modalidade nos Jogos Universit\u00e1rios Brasileiros. A competi\u00e7\u00e3o acontece na cidade de Fortaleza, capital do Cear\u00e1. O time da FARO venceu a universidade do Mato Grosso do Sul por 49 a 26 e garantiu vaga para a final do torneio que disputada nesta sexta-feira. Al\u00e9m disso, as meninas do basquete de Rond\u00f4nia confirmaram a vaga na divis\u00e3o especial dos Jogos Universit\u00e1rios. \u00a0<\/p>\n<p>Outra vit\u00f3ria da delega\u00e7\u00e3o rondoniense foi registrada nesta quinta-feira. O time do futsal masculino derrotou o Esp\u00edrito Santo por 3 a 2. Agora o futsal disputa o 5\u00ba lugar na divis\u00e3o especial dos Jogos Universit\u00e1rios. \u00a0<\/p>\n<p>Os Jogos Universit\u00e1rios Brasileiros (JUBs) s\u00e3o a organiza\u00e7\u00e3o de um evento do conjunto de esportes praticados por estudantes universit\u00e1rios no Brasil. Os JUBs s\u00e3o organizados pela Confedera\u00e7\u00e3o Brasileira do Desporto Universit\u00e1rio (CBDU). Tamb\u00e9m servem como classificat\u00f3rios para os Jogos Universit\u00e1rios Sul-Americanos e para os Jogos Universit\u00e1rios Mundiais &#8211; a Univers\u00edada.<\/p>\n<p>Os jogos passaram a ser regulados pelo Decreto-Lei n\u00ba 3.617 &#8211; de 15 de setembro de 1941 que regulava o desporto universit\u00e1rio no Brasil e instituiu os tr\u00eas primeiros jogos:<\/p>\n<p>Ficam considerados como Primeiros, Segundos e Terceiros Jogos Universit\u00e1rios Brasileiros, respectivamente, a Primeira Olimp\u00edada Universit\u00e1ria Brasileira, realizada em S\u00e3o Paulo, em 1935, os Jogos Universit\u00e1rios de Minas Gerais, realizados em 1938, e a Segunda Olimp\u00edada Universit\u00e1ria Brasileira, realizada em S\u00e3o Paulo, em 1940.<\/p>\n<p>A Partir de 1968 os jogos deixaram de ser bienais e passaram a ser anuais. No come\u00e7o da d\u00e9cada de 1990 houve problemas financeiros no repasse de dinheiro para a realiza\u00e7\u00e3o dos JUBs durante o minist\u00e9rio de Zico e os jogos deixaram de ser realizados por alguns anos. Em 1999 os JUBs deixaram de ser disputados por sele\u00e7\u00f5es universit\u00e1rias estaduais, organizadas pelas federa\u00e7\u00f5es, passando ent\u00e3o a ser compostos pelas institui\u00e7\u00f5es de ensino superior.<\/p>\n<p>Em 2005 o Comit\u00ea Ol\u00edmpico Brasileiro passou a organizar o evento em parceria com a CBDU. Nesse ano foi realizado o 53\u00ba JUBs em Recife passando, ent\u00e3o, a ser chamado de Olimp\u00edadas Universit\u00e1rias regendo-se por ciclos ol\u00edmpicos de quatro anos. Em 2009 tem in\u00edcio o novo ciclo, que culminar\u00e1 nos Jogos Ol\u00edmpicos de 2012, com a realiza\u00e7\u00e3o do evento em Fortaleza.<\/p>\n<p>Assessoria de Imprensa FRDU<\/p>\n","protected":false},"excerpt":{"rendered":"<p>\u00a0As meninas do basquete feminino de Rond\u00f4nia conquistaram hoje pela manh\u00e3\u00a0 a vaga para a final da modalidade nos Jogos Universit\u00e1rios Brasileiros. A competi\u00e7\u00e3o acontece na cidade de Fortaleza, capital do Cear\u00e1. O time da FARO venceu a universidade do Mato Grosso do Sul por 49 a 26 e garantiu vaga para a final do [&hellip;]<\/p>\n","protected":false},"author":3,"featured_media":0,"comment_status":"open","ping_status":"open","sticky":false,"template":"","format":"standard","meta":{"tdm_status":"","tdm_grid_status":"","footnotes":""},"categories":[22],"tags":[],"class_list":{"0":"post-9271","1":"post","2":"type-post","3":"status-publish","4":"format-standard","6":"category-brasil"},"_links":{"self":[{"href":"https:\/\/migracao.redenoticia.com.br\/noticia\/wp-json\/wp\/v2\/posts\/9271","targetHints":{"allow":["GET"]}}],"collection":[{"href":"https:\/\/migracao.redenoticia.com.br\/noticia\/wp-json\/wp\/v2\/posts"}],"about":[{"href":"https:\/\/migracao.redenoticia.com.br\/noticia\/wp-json\/wp\/v2\/types\/post"}],"author":[{"embeddable":true,"href":"https:\/\/migracao.redenoticia.com.br\/noticia\/wp-json\/wp\/v2\/users\/3"}],"replies":[{"embeddable":true,"href":"https:\/\/migracao.redenoticia.com.br\/noticia\/wp-json\/wp\/v2\/comments?post=9271"}],"version-history":[{"count":0,"href":"https:\/\/migracao.redenoticia.com.br\/noticia\/wp-json\/wp\/v2\/posts\/9271\/revisions"}],"wp:attachment":[{"href":"https:\/\/migracao.redenoticia.com.br\/noticia\/wp-json\/wp\/v2\/media?parent=9271"}],"wp:term":[{"taxonomy":"category","embeddable":true,"href":"https:\/\/migracao.redenoticia.com.br\/noticia\/wp-json\/wp\/v2\/categories?post=9271"},{"taxonomy":"post_tag","embeddable":true,"href":"https:\/\/migracao.redenoticia.com.br\/noticia\/wp-json\/wp\/v2\/tags?post=9271"}],"curies":[{"name":"wp","href":"https:\/\/api.w.org\/{rel}","templated":true}]}}