{"id":92719,"date":"2016-08-12T20:41:39","date_gmt":"2016-08-12T23:41:39","guid":{"rendered":"http:\/\/www.redenoticia.com.br\/noticia\/?p=92719"},"modified":"2016-08-11T20:44:11","modified_gmt":"2016-08-11T23:44:11","slug":"novela-sila-resumo-1308-esma-pega-documentos-e-fotos-de-sila","status":"publish","type":"post","link":"https:\/\/migracao.redenoticia.com.br\/noticia\/2016\/novela-sila-resumo-1308-esma-pega-documentos-e-fotos-de-sila\/92719","title":{"rendered":"Novela \u201cSila\u201d resumo 13\/08: Esma pega documentos e fotos de Sila"},"content":{"rendered":"<p> <img loading=\"lazy\" decoding=\"async\" class=\"alignleft size-thumbnail wp-image-83098\" src=\"https:\/\/migracao.redenoticia.com.br\/noticia\/imagens\/sila_band_novela_resumo_capitulo-150x112.jpg\" alt=\"sila_band_novela_resumo_capitulo\" width=\"150\" height=\"112\" srcset=\"https:\/\/migracao.redenoticia.com.br\/noticia\/imagens\/sila_band_novela_resumo_capitulo-150x112.jpg 150w, https:\/\/migracao.redenoticia.com.br\/noticia\/imagens\/sila_band_novela_resumo_capitulo-265x198.jpg 265w\" sizes=\"auto, (max-width: 150px) 100vw, 150px\" \/><strong><em> Novela \u201cSila\u201d resumo 13\/08<\/em><\/strong>: com ci\u00fame de Boran, Sila manda investigar Zeinep. Esma v\u00ea fotos de Zeinep sobre a mesa de Sila. Sila escuta uma conversa entre Boran e Zeinep pelo celular. Sila chora e \u00e9 consolada por Narin. Esma revira o escrit\u00f3rio de Sila e pega documentos e fotos. A m\u00e9dica est\u00e1 entre a cruz e a espada, algu\u00e9m veio para mostrar umas fotografias. A m\u00e9dica avisa a Sila que Boran deve continuar com a terapia. Sila diz que n\u00e3o confia nela. No entanto, a especialista reprova sua atitude.<\/p>\n<p>No capitulo 118 (*), novela \u201cSila\u201d, s\u00e1bado, 13 de agosto &#8211; Sila descobre que Zeinep foi para Mardin atr\u00e1s de Boran e fica morrendo de ci\u00fame. Os homens que amea\u00e7aram Boran cercam a empresa de Sila. Celil p\u00f5e a casa de Mardin \u00e0 venda para pagar o tratamento de Bedar e Boran descobre. Dilaver percebe que Sila est\u00e1 sendo seguida e avisa Zinar. Boran finalmente se lembra de Emre e pede para encerrar a terapia. Sila escuta uma conversa entre Boran e Zeinep pelo celular. Sila chora e \u00e9 consolada por Narin.<\/p>\n<p> Zinar diz a Boran que Sila corre perigo. Abay vai \u00e0 casa de Sila para proteg\u00ea-la. Boran volta para Istambul e refor\u00e7a a seguran\u00e7a da casa. O noivo de Zeinep tenta se reaproximar dela. Esma revira o escrit\u00f3rio de Sila e pega documentos e fotos. <\/p>\n<p>A m\u00e9dica est\u00e1 entre a cruz e a espada. Algu\u00e9m veio para mostrar umas fotografias. O ex de Zeinap enfrenta Boran. A m\u00e9dica avisa a Sila que Boran deve continuar com a terapia. Sila diz que n\u00e3o confia nela. No entanto, a especialista reprova sua atitude. <\/p>\n<p>(*) edi\u00e7\u00e3o da Band, Novela \u201cSila\u201d, sujeito a altera\u00e7\u00e3o de data e conte\u00fado. <\/p>\n","protected":false},"excerpt":{"rendered":"<p>Novela \u201cSila\u201d resumo 13\/08: com ci\u00fame de Boran, Sila manda investigar Zeinep. Esma v\u00ea fotos de Zeinep sobre a mesa de Sila. Sila escuta uma conversa entre Boran e Zeinep pelo celular. Sila chora e \u00e9 consolada por Narin. Esma revira o escrit\u00f3rio de Sila e pega documentos e fotos. A m\u00e9dica est\u00e1 entre a [&hellip;]<\/p>\n","protected":false},"author":2,"featured_media":83098,"comment_status":"open","ping_status":"closed","sticky":false,"template":"","format":"standard","meta":{"tdm_status":"","tdm_grid_status":"","footnotes":""},"categories":[390,379,343],"tags":[441],"class_list":{"0":"post-92719","1":"post","2":"type-post","3":"status-publish","4":"format-standard","5":"has-post-thumbnail","7":"category-band","8":"category-novelas","9":"category-televisao","10":"tag-resumo-do-dia"},"_links":{"self":[{"href":"https:\/\/migracao.redenoticia.com.br\/noticia\/wp-json\/wp\/v2\/posts\/92719","targetHints":{"allow":["GET"]}}],"collection":[{"href":"https:\/\/migracao.redenoticia.com.br\/noticia\/wp-json\/wp\/v2\/posts"}],"about":[{"href":"https:\/\/migracao.redenoticia.com.br\/noticia\/wp-json\/wp\/v2\/types\/post"}],"author":[{"embeddable":true,"href":"https:\/\/migracao.redenoticia.com.br\/noticia\/wp-json\/wp\/v2\/users\/2"}],"replies":[{"embeddable":true,"href":"https:\/\/migracao.redenoticia.com.br\/noticia\/wp-json\/wp\/v2\/comments?post=92719"}],"version-history":[{"count":0,"href":"https:\/\/migracao.redenoticia.com.br\/noticia\/wp-json\/wp\/v2\/posts\/92719\/revisions"}],"wp:featuredmedia":[{"embeddable":true,"href":"https:\/\/migracao.redenoticia.com.br\/noticia\/wp-json\/wp\/v2\/media\/83098"}],"wp:attachment":[{"href":"https:\/\/migracao.redenoticia.com.br\/noticia\/wp-json\/wp\/v2\/media?parent=92719"}],"wp:term":[{"taxonomy":"category","embeddable":true,"href":"https:\/\/migracao.redenoticia.com.br\/noticia\/wp-json\/wp\/v2\/categories?post=92719"},{"taxonomy":"post_tag","embeddable":true,"href":"https:\/\/migracao.redenoticia.com.br\/noticia\/wp-json\/wp\/v2\/tags?post=92719"}],"curies":[{"name":"wp","href":"https:\/\/api.w.org\/{rel}","templated":true}]}}