{"id":92746,"date":"2016-08-12T21:00:46","date_gmt":"2016-08-13T00:00:46","guid":{"rendered":"http:\/\/www.redenoticia.com.br\/noticia\/?p=92746"},"modified":"2016-08-12T14:30:34","modified_gmt":"2016-08-12T17:30:34","slug":"novela-a-garota-da-moto-resumo-1508-ivan-e-joana-tem-um-desentendimento-por-causa-de-nico","status":"publish","type":"post","link":"https:\/\/migracao.redenoticia.com.br\/noticia\/2016\/novela-a-garota-da-moto-resumo-1508-ivan-e-joana-tem-um-desentendimento-por-causa-de-nico\/92746","title":{"rendered":"Novela \u201cA Garota da Moto\u201d resumo 15\/08: Joana deixa Nico com Pam"},"content":{"rendered":"<p><img loading=\"lazy\" decoding=\"async\" class=\"alignleft size-thumbnail wp-image-90196\" src=\"https:\/\/migracao.redenoticia.com.br\/noticia\/imagens\/A_Garota_da_Moto_SBT_Resumo_Novela-150x112.jpg\" alt=\"A_Garota_da_Moto_SBT_Resumo_Novela\" width=\"150\" height=\"112\" srcset=\"https:\/\/migracao.redenoticia.com.br\/noticia\/imagens\/A_Garota_da_Moto_SBT_Resumo_Novela-150x112.jpg 150w, https:\/\/migracao.redenoticia.com.br\/noticia\/imagens\/A_Garota_da_Moto_SBT_Resumo_Novela-265x198.jpg 265w\" sizes=\"auto, (max-width: 150px) 100vw, 150px\" \/><strong><em>Novela \u201cA Garota da Moto\u201d resumo 15\/08<\/em><\/strong>:\u00a0Bernarda resolve ela mesma rondar a regi\u00e3o da Mot\u00f3polis e descobrir um jeito de pegar Nico. Ela vai parar no Botec\u00e3o, para deslumbre de Pam, que \u00e9 sua f\u00e3 h\u00e1 muito tempo. Bernarda trata de ganhar a confian\u00e7a de Pam e saber o m\u00e1ximo poss\u00edvel sobre Joana e Nico. Enquanto isso, Ivan e Joana tem um desentendimento por causa de Nico, mas logo se reconciliam e resolvem ir a um restaurante. Joana deixa Nico com Pam. Assim, essa \u00e9 a oportunidade perfeita para Bernarda dar o bote.<\/p>\n<p>No cap\u00edtulo 024 (*), novela \u201cA garota da Mota\u201d, segunda-feira, 15 de agosto \u2013 pela primeira vez em muito tempo, Joana relaxa. O plano \u00e9 passar um dia tranquilo de casal. Ela e Ivan fazem almo\u00e7o juntos, clima brincando de casinha. Mas quem n\u00e3o est\u00e1 para brincadeira \u00e9 Bernarda, que resolveu ela mesma rondar a regi\u00e3o da Mot\u00f3polis e desoobrir um jeito de pegar Nico.<\/p>\n<p>Ela vai parar no Botec\u00e3o, para deslumbre de Pam, que \u00e9 sua f\u00e3 h\u00e1 muito tempo. Nada poderia ser melhor para a nossa vil\u00e3, que trata de ganhar a confian\u00e7a de Pam e saber o m\u00e1ximo poss\u00edvel sobre Joana e Nico. Enquanto isso, Ivan e Joana tem um desentendimento por causa de Nico.<\/p>\n<p>A reconcilia\u00e7\u00e3o vem no final do epis\u00f3dio, e eles resolvem retomar o plano de um dia feliz indo a um restaurante, deixando Nico com Pam. A oportunidade perfeita para a nova \u201camiga\u201d, Bernarda, dar o bote em Nico.<\/p>\n<p>(*) edi\u00e7\u00e3o do SBT, Novela \u201cA Garota da Moto\u201d, sujeito a altera\u00e7\u00e3o de data e conte\u00fado.<\/p>\n","protected":false},"excerpt":{"rendered":"<p>Novela \u201cA Garota da Moto\u201d resumo 15\/08:\u00a0Bernarda resolve ela mesma rondar a regi\u00e3o da Mot\u00f3polis e descobrir um jeito de pegar Nico. Ela vai parar no Botec\u00e3o, para deslumbre de Pam, que \u00e9 sua f\u00e3 h\u00e1 muito tempo. Bernarda trata de ganhar a confian\u00e7a de Pam e saber o m\u00e1ximo poss\u00edvel sobre Joana e Nico. [&hellip;]<\/p>\n","protected":false},"author":4,"featured_media":90196,"comment_status":"open","ping_status":"closed","sticky":false,"template":"","format":"standard","meta":{"tdm_status":"","tdm_grid_status":"","footnotes":""},"categories":[379,372,343],"tags":[441],"class_list":{"0":"post-92746","1":"post","2":"type-post","3":"status-publish","4":"format-standard","5":"has-post-thumbnail","7":"category-novelas","8":"category-sbt","9":"category-televisao","10":"tag-resumo-do-dia"},"_links":{"self":[{"href":"https:\/\/migracao.redenoticia.com.br\/noticia\/wp-json\/wp\/v2\/posts\/92746","targetHints":{"allow":["GET"]}}],"collection":[{"href":"https:\/\/migracao.redenoticia.com.br\/noticia\/wp-json\/wp\/v2\/posts"}],"about":[{"href":"https:\/\/migracao.redenoticia.com.br\/noticia\/wp-json\/wp\/v2\/types\/post"}],"author":[{"embeddable":true,"href":"https:\/\/migracao.redenoticia.com.br\/noticia\/wp-json\/wp\/v2\/users\/4"}],"replies":[{"embeddable":true,"href":"https:\/\/migracao.redenoticia.com.br\/noticia\/wp-json\/wp\/v2\/comments?post=92746"}],"version-history":[{"count":0,"href":"https:\/\/migracao.redenoticia.com.br\/noticia\/wp-json\/wp\/v2\/posts\/92746\/revisions"}],"wp:featuredmedia":[{"embeddable":true,"href":"https:\/\/migracao.redenoticia.com.br\/noticia\/wp-json\/wp\/v2\/media\/90196"}],"wp:attachment":[{"href":"https:\/\/migracao.redenoticia.com.br\/noticia\/wp-json\/wp\/v2\/media?parent=92746"}],"wp:term":[{"taxonomy":"category","embeddable":true,"href":"https:\/\/migracao.redenoticia.com.br\/noticia\/wp-json\/wp\/v2\/categories?post=92746"},{"taxonomy":"post_tag","embeddable":true,"href":"https:\/\/migracao.redenoticia.com.br\/noticia\/wp-json\/wp\/v2\/tags?post=92746"}],"curies":[{"name":"wp","href":"https:\/\/api.w.org\/{rel}","templated":true}]}}